{"id":1006,"date":"2010-08-17T09:44:37","date_gmt":"2010-08-17T07:44:37","guid":{"rendered":"https:\/\/folin.nu\/blog\/?p=1006"},"modified":"2010-08-17T10:03:04","modified_gmt":"2010-08-17T08:03:04","slug":"sjalv-ar-baste-drang-men-butler-ska-alla-ha","status":"publish","type":"post","link":"https:\/\/folin.nu\/blog\/2010\/08\/17\/sjalv-ar-baste-drang-men-butler-ska-alla-ha\/","title":{"rendered":"Sj\u00e4lv \u00e4r b\u00e4ste dr\u00e4ng, men butler ska alla ha"},"content":{"rendered":"<p>G\u00e5rdagens h\u00f6jdpunkt var att f\u00f6lja twitter- och facebookkommentarerna om Socialdemokraternas butlerutspel. Min <a href=\"http:\/\/www.svd.se\/opinion\/ledarsidan\/sjalv-ar-baste-drang-men-butler-ska-alla-ha_5145029.svd\">ledare i Svenska Dagbladet<\/a> handlar om f\u00f6rslaget och reaktionerna p\u00e5 det.<\/p>\n<blockquote><p>N\u00e4r ska vi \u00e4lska? N\u00e4r ska vi skratta? Det fr\u00e5gade socialdemokraterna Ilija Batljan, oppositionslandstingsr\u00e5d i Stockholms l\u00e4n, och Carin J\u00e4mtin, oppositionsborgar- r\u00e5d i Stockholms stad, p\u00e5 Dagens Nyheters debattsida i g\u00e5r.<\/p>\n<p>S\u00e5 som debatten gick p\u00e5 bloggar, nyhetssajter, Facebook och Twitter under dagen verkar det som att de b\u00e5da socialdemokraterna besvarade \u00e5tminstone den ena fr\u00e5gan.<\/p><\/blockquote>\n<p>L\u00e4s \u00e4ven andra <a href=\"http:\/\/intressant.se\/intressant\">bloggar<\/a> om <a href=\"http:\/\/bloggar.se\/om\/butler\" rel=\"tag\">butler<\/a>, <a href=\"http:\/\/bloggar.se\/om\/socialdemokraterna\" rel=\"tag\">socialdemokraterna<\/a>, <a href=\"http:\/\/bloggar.se\/om\/tunnelbana\" rel=\"tag\">tunnelbana<\/a><\/p>\n","protected":false},"excerpt":{"rendered":"<p>G\u00e5rdagens h\u00f6jdpunkt var att f\u00f6lja twitter- och facebookkommentarerna om Socialdemokraternas butlerutspel. Min ledare i Svenska Dagbladet handlar om f\u00f6rslaget och reaktionerna p\u00e5 det. N\u00e4r ska vi \u00e4lska? N\u00e4r ska vi skratta? Det fr\u00e5gade socialdemokraterna Ilija Batljan, oppositionslandstingsr\u00e5d i Stockholms l\u00e4n, och Carin J\u00e4mtin, oppositionsborgar- r\u00e5d i Stockholms stad, p\u00e5 Dagens Nyheters debattsida i g\u00e5r. S\u00e5 &hellip; <a href=\"https:\/\/folin.nu\/blog\/2010\/08\/17\/sjalv-ar-baste-drang-men-butler-ska-alla-ha\/\" class=\"more-link\">Forts\u00e4tt l\u00e4sa <span class=\"screen-reader-text\">Sj\u00e4lv \u00e4r b\u00e4ste dr\u00e4ng, men butler ska alla ha<\/span> <span class=\"meta-nav\">&rarr;<\/span><\/a><\/p>\n","protected":false},"author":1,"featured_media":0,"comment_status":"open","ping_status":"open","sticky":false,"template":"","format":"standard","meta":{"footnotes":""},"categories":[17,11,2],"tags":[],"class_list":["post-1006","post","type-post","status-publish","format-standard","hentry","category-inrikes","category-kul","category-politik"],"_links":{"self":[{"href":"https:\/\/folin.nu\/blog\/wp-json\/wp\/v2\/posts\/1006","targetHints":{"allow":["GET"]}}],"collection":[{"href":"https:\/\/folin.nu\/blog\/wp-json\/wp\/v2\/posts"}],"about":[{"href":"https:\/\/folin.nu\/blog\/wp-json\/wp\/v2\/types\/post"}],"author":[{"embeddable":true,"href":"https:\/\/folin.nu\/blog\/wp-json\/wp\/v2\/users\/1"}],"replies":[{"embeddable":true,"href":"https:\/\/folin.nu\/blog\/wp-json\/wp\/v2\/comments?post=1006"}],"version-history":[{"count":2,"href":"https:\/\/folin.nu\/blog\/wp-json\/wp\/v2\/posts\/1006\/revisions"}],"predecessor-version":[{"id":1008,"href":"https:\/\/folin.nu\/blog\/wp-json\/wp\/v2\/posts\/1006\/revisions\/1008"}],"wp:attachment":[{"href":"https:\/\/folin.nu\/blog\/wp-json\/wp\/v2\/media?parent=1006"}],"wp:term":[{"taxonomy":"category","embeddable":true,"href":"https:\/\/folin.nu\/blog\/wp-json\/wp\/v2\/categories?post=1006"},{"taxonomy":"post_tag","embeddable":true,"href":"https:\/\/folin.nu\/blog\/wp-json\/wp\/v2\/tags?post=1006"}],"curies":[{"name":"wp","href":"https:\/\/api.w.org\/{rel}","templated":true}]}}