{"id":1017,"date":"2010-09-17T18:33:57","date_gmt":"2010-09-17T16:33:57","guid":{"rendered":"https:\/\/folin.nu\/blog\/?p=1017"},"modified":"2010-09-17T18:33:57","modified_gmt":"2010-09-17T16:33:57","slug":"mina-roster-gar-till","status":"publish","type":"post","link":"https:\/\/folin.nu\/blog\/2010\/09\/17\/mina-roster-gar-till\/","title":{"rendered":"Mina r\u00f6ster g\u00e5r till&#8230;"},"content":{"rendered":"<p>I f\u00f6rra valet kryssade jag centerpartisten Johan Linander. N\u00e5gra m\u00e5nader tidigare hade jag sj\u00e4lv blivit medlem i Centerpartiet eftersom jag tyckte att Centerpartiet var det riksdagsparti som \u00e4r mest liberalt och som framf\u00f6r allt r\u00f6rde sig i en \u00e4nnu liberalare riktning. Det tycker jag fortfarande. Som s\u00e5 m\u00e5nga andra blev jag dock besviken p\u00e5 hur Centerpartiet och \u00f6vriga regeringspartier har hanterat integritetsfr\u00e5gorna. FRA, Ipred och andra fr\u00e5gor som \u00f6vervakningsivrarna har drivit fick mig att best\u00e4mma att jag inte skulle r\u00f6sta p\u00e5 n\u00e5got parti som inte tydligt visade att man \u00e4ndrat \u00e5sikt i dessa fr\u00e5gor (eller tyckte r\u00e4tt fr\u00e5n b\u00f6rjan). Inget av regeringspartierna har gjort detta. Inte mitt eget parti, inget av allianspartierna. Oppositionen vore inte oppositionen om den inte var emot n\u00e4stan allting som regeringen genomf\u00f6rt, s\u00e5 att de r\u00f6dgr\u00f6na protesterade mot bland annat FRA-lagen s\u00e4ger inte s\u00e4rskilt mycket. De vill ju ungef\u00e4r samma konstruktion som regeringen vill, \u00e4ven om de f\u00f6rs\u00f6ker p\u00e5skina annat.<br \/>\nNu ser opinionsl\u00e4get ut som att alliansen kommer vinna med bra marginal. Vi f\u00e5r se. Om l\u00e4get vore j\u00e4mnare mellan blocken hade jag f\u00e5tt h\u00f6ra (det kanske kommer \u00e4nd\u00e5) att jag \u00e4r en av dem som hj\u00e4lper de r\u00f6dgr\u00f6na att ta makten. Till de svarar jag: nej, det \u00e4r regeringen som hj\u00e4lper de r\u00f6dgr\u00f6na att ta makten i s\u00e5 fall. Det \u00e4r inte mitt fel om alliansregeringen \u00e5ker ut. De har sj\u00e4lva b\u00e4ddat f\u00f6r det. Den som har l\u00e4st vad <a href=\"https:\/\/folin.nu\/blog\/2010\/05\/16\/miljopartiet-struntar-i-vetenskap\/\">jag<\/a> <a href=\"https:\/\/folin.nu\/blog\/2010\/06\/10\/miljopartiet-%E2%80%93-pekpinnar-vanstervridning-och-verklighetsflykt\/\">skrivit<\/a> <a href=\"https:\/\/folin.nu\/blog\/2009\/11\/17\/miljopartiet-och-den-grona-ideologin\/\">tidigare<\/a> kan nog snabbt gissa att jag inte kommer f\u00f6lja <a href=\"http:\/\/magasinetneo.se\/mattias\/2010\/09\/17\/min-rost-gar-till\/\">Mattias Svenssons beslut<\/a> att r\u00f6sta p\u00e5 Milj\u00f6partiet, men i \u00f6vrigt delar jag hans besvikelse \u00f6ver hur alliansregeringen har behandlat sina liberala v\u00e4ljare.<br \/>\n<a href=\"http:\/\/www.johannorberg.net\/?page=displayblog&#038;month=09&#038;year=2010#3520\">Johan Norberg<\/a> har ocks\u00e5 best\u00e4mt sig f\u00f6r Centerpartiet, men inte best\u00e4mt sig f\u00f6r n\u00e5gon kandidat att kryssa \u00e4n. Det har d\u00e4remot <a href=\"http:\/\/fredrikwesterlund.se\/2010\/09\/17\/mina-roster-gar-till\/\">Fredrik Westerlund<\/a> som kryssar <a href=\"http:\/\/peaceloveandcapitalism.blogspot.com\/\">Johan Hedin<\/a> i valkretsen Stockholm stad f\u00f6r Centerpartiet. Hade jag bott i Stockholm hade jag kanske kunnat g\u00f6ra det ocks\u00e5. Om jag bott i Stockholms l\u00e4n hade jag kunnat t\u00e4nka mig att r\u00f6sta p\u00e5 <a href=\"http:\/\/magnusandersson.blogspot.com\/\">Magnus Andersson<\/a>. Ingen av dem \u00e4r br\u00e4nda eftersom de inte har suttit i riksdagen den h\u00e4r mandatperioden och dessutom har protesterat mot sitt partis och regeringens politik p\u00e5 integritetsomr\u00e5det. Om du bor i Stockholm s\u00e5 rekommenderar jag ett kryss p\u00e5 n\u00e5gon av dem, beroende p\u00e5 valkrets.<\/p>\n<p>Nej, jag kommer kryssa <a href=\"http:\/\/terobi.se\/\">Sandra Grosse<\/a> f\u00f6r Piratpartiet. Hon finns p\u00e5 alla Piratpartiets valsedlar, med lite olika placering. Det har l\u00e4nge lutat \u00e5t en r\u00f6st p\u00e5 Piratpartiet. Jag \u00f6nskar att Piratpartiet inte hade beh\u00f6vts i svensk politik, men det g\u00f6r det definitivt, eftersom inget annat parti \u00e4r trov\u00e4rdigt i integritets- och kulturfr\u00e5gor. Sandra var dessutom en av dem som reagerade negativt p\u00e5 Piratpartiets f\u00f6rsta valmanifest, vilket g\u00f6r henne mer trov\u00e4rdig. De f\u00f6r\u00e4ndringar som Piratpartiet gjorde var n\u00f6dv\u00e4ndiga och borde ha gjorts innan manifestet sl\u00e4pptes, men att piratpartister som Sandra Grosse \u00f6ppet reagerar och inte bara blir partimegafoner \u00e4r upplyftande.<br \/>\nDet vore en enorm skr\u00e4ll om Piratpartiet kommer in i riksdagen. Det tror inte jag kommer h\u00e4nda, men det \u00e4r inte bara fyraprocentssp\u00e4rren som \u00e4r intressant. F\u00e5r partiet mer \u00e4n en procent av r\u00f6sterna kommer valmyndigheten se till att det finns valsedlar i vallokalerna i de tv\u00e5 kommande riksdagsvalen, och om partiet f\u00e5r 2,5 procent av r\u00f6sterna kommer Piratpartiet f\u00e5 partist\u00f6d fram till valet 2018.<\/p>\n<p>I valet till region Sk\u00e5ne r\u00f6stade jag ocks\u00e5 p\u00e5 Centerpartiet f\u00f6rra g\u00e5ngen, men har den h\u00e4r g\u00e5ngen best\u00e4mt mig f\u00f6r att kryssa <a href=\"http:\/\/matsperspektiv.blogspot.com\/2010\/09\/folkpartiet-vill-se-ett-modernare.html\">Mats Persson<\/a> f\u00f6r Folkpartiet. Mats \u00e4r doktorand p\u00e5 Ekonomih\u00f6gskolan i Lund och var den som v\u00e4lkomnade mig till Liberala ungdomsf\u00f6rbundet kring 2001, i egenskap av distriktsombudsman f\u00f6r LUF Sk\u00e5ne. Min karri\u00e4r i LUF uteblev, fr\u00e4mst p\u00e5 grund av att Folkpartiets rikspolitik inte k\u00e4ndes s\u00e4rskilt liberal i valet 2002 och d\u00e4refter. I regionen har dock Folkpartiet f\u00f6rt en betydligt fr\u00e4schare politik och <a href=\"http:\/\/matsperspektiv.blogspot.com\/2010\/09\/modernisera-region-skane-genom-att.html\">f\u00f6rslagen f\u00f6r f\u00f6rb\u00e4ttringar i servicen<\/a> i Sk\u00e5ne den kommande mandatperioden lockar.<\/p>\n<p>I kommunvalet i Lund kommer jag kryssa <a href=\"http:\/\/jacobdexe.wordpress.com\/\">Jacob Dexe<\/a> f\u00f6r Piratpartiet. Jacob \u00e4r liberal och g\u00e5r just nu Timbros utbildningsprogram Stureakademin, s\u00e5 om man vill ha en liberal piratpartist i Lunds kommunfullm\u00e4ktige \u00e4r Jacob Dexe ett bra val. Lund har ungef\u00e4r en tredjedel studenter och Piratpartiet fick 8,93 procent av r\u00f6sterna i Europaparlamentsvalet. Om Piratpartiet lyckas mobilisera studenterna kan Piratpartiet g\u00f6ra ett bra val i Lund.<\/p>\n","protected":false},"excerpt":{"rendered":"<p>I f\u00f6rra valet kryssade jag centerpartisten Johan Linander. N\u00e5gra m\u00e5nader tidigare hade jag sj\u00e4lv blivit medlem i Centerpartiet eftersom jag tyckte att Centerpartiet var det riksdagsparti som \u00e4r mest liberalt och som framf\u00f6r allt r\u00f6rde sig i en \u00e4nnu liberalare riktning. Det tycker jag fortfarande. Som s\u00e5 m\u00e5nga andra blev jag dock besviken p\u00e5 hur &hellip; <a href=\"https:\/\/folin.nu\/blog\/2010\/09\/17\/mina-roster-gar-till\/\" class=\"more-link\">Forts\u00e4tt l\u00e4sa <span class=\"screen-reader-text\">Mina r\u00f6ster g\u00e5r till&#8230;<\/span> <span class=\"meta-nav\">&rarr;<\/span><\/a><\/p>\n","protected":false},"author":1,"featured_media":0,"comment_status":"open","ping_status":"open","sticky":false,"template":"","format":"standard","meta":{"footnotes":""},"categories":[15,6,2],"tags":[],"class_list":["post-1017","post","type-post","status-publish","format-standard","hentry","category-integritet","category-personligt","category-politik"],"_links":{"self":[{"href":"https:\/\/folin.nu\/blog\/wp-json\/wp\/v2\/posts\/1017","targetHints":{"allow":["GET"]}}],"collection":[{"href":"https:\/\/folin.nu\/blog\/wp-json\/wp\/v2\/posts"}],"about":[{"href":"https:\/\/folin.nu\/blog\/wp-json\/wp\/v2\/types\/post"}],"author":[{"embeddable":true,"href":"https:\/\/folin.nu\/blog\/wp-json\/wp\/v2\/users\/1"}],"replies":[{"embeddable":true,"href":"https:\/\/folin.nu\/blog\/wp-json\/wp\/v2\/comments?post=1017"}],"version-history":[{"count":3,"href":"https:\/\/folin.nu\/blog\/wp-json\/wp\/v2\/posts\/1017\/revisions"}],"predecessor-version":[{"id":1020,"href":"https:\/\/folin.nu\/blog\/wp-json\/wp\/v2\/posts\/1017\/revisions\/1020"}],"wp:attachment":[{"href":"https:\/\/folin.nu\/blog\/wp-json\/wp\/v2\/media?parent=1017"}],"wp:term":[{"taxonomy":"category","embeddable":true,"href":"https:\/\/folin.nu\/blog\/wp-json\/wp\/v2\/categories?post=1017"},{"taxonomy":"post_tag","embeddable":true,"href":"https:\/\/folin.nu\/blog\/wp-json\/wp\/v2\/tags?post=1017"}],"curies":[{"name":"wp","href":"https:\/\/api.w.org\/{rel}","templated":true}]}}