{"id":1062,"date":"2011-04-11T08:11:11","date_gmt":"2011-04-11T06:11:11","guid":{"rendered":"https:\/\/folin.nu\/blog\/?p=1062"},"modified":"2011-04-11T08:11:11","modified_gmt":"2011-04-11T06:11:11","slug":"franskt-slojtvang-maste-bort","status":"publish","type":"post","link":"https:\/\/folin.nu\/blog\/2011\/04\/11\/franskt-slojtvang-maste-bort\/","title":{"rendered":"Franskt sl\u00f6jtv\u00e5ng m\u00e5ste bort"},"content":{"rendered":"<p>Fr\u00e5n och med i dag \u00e4r det f\u00f6rbjudet att b\u00e4ra helt\u00e4ckande sl\u00f6ja, det vill s\u00e4ga niqab och burka, i Frankrike. Om f\u00f6rbudet trotsas <a href=\"http:\/\/www.nyhetskanalen.se\/1.2090962\/2011\/04\/10\/franskt_slojforbud_trader_i_kraft\">v\u00e4ntar b\u00f6ter p\u00e5 motsvarande 1400 kronor<\/a>. Om man tvingar n\u00e5gon annan att ha helt\u00e4ckande sl\u00f6ja riskerar man <a href=\"http:\/\/edition.cnn.com\/2011\/WORLD\/europe\/04\/11\/france.burqa.ban\/index.html?section=cnn_latest\">upp till tv\u00e5 \u00e5rs f\u00e4ngelse och drygt 500 000 kronor i b\u00f6ter<\/a>. <\/p>\n<p>Att med v\u00e5ld eller hot om v\u00e5ld tvinga andra att kl\u00e4 sig eller bete sig p\u00e5 ett visst s\u00e4tt strider mot v\u00e5ra grundl\u00e4ggande fri- och r\u00e4ttigheter och h\u00f6r inte hemma i ett modernt land.<br \/>\nDen franska lagen g\u00f6r just detta. Den begr\u00e4nsar kvinnors frihet att sj\u00e4lva v\u00e4lja sin kl\u00e4dsel. <\/p>\n<p>32-\u00e5riga Kenza Drider, f\u00f6dd och uppvuxen i Frankrike men med marockanskt ursprung, s\u00e4ger till brittiska <a href=\"http:\/\/www.guardian.co.uk\/world\/2011\/apr\/10\/france-burqa-law-kenza-drider\">The Observer<\/a> att hon sj\u00e4lv i vuxen \u00e5lder valde att b\u00f6rja b\u00e4ra niqab. Hennes make s\u00e4ger till tidningen att han blev f\u00f6rv\u00e5nad n\u00e4r hon en dag tog p\u00e5 sig sl\u00f6jan n\u00e4r hon skulle g\u00e5 och handla. Han visste inte ens att hon \u00e4gde en niqab.<br \/>\nKenza Drider v\u00e4grar att ta av sig sin huvudbonad som hon sj\u00e4lv har valt och f\u00f6r det kommer hon troligen att gripas och b\u00f6tf\u00e4llas.<\/p>\n<p>I Frankrike har nationalf\u00f6rsamlingen numera mer makt \u00e4n medborgaren att best\u00e4mma vilken huvudbonad den ska ha p\u00e5 sig. F\u00f6r ett land med ordet \u201dfrihet\u201d f\u00f6rst i sitt valspr\u00e5k rimmar det illa. <\/p>\n<p>L\u00e4s \u00e4ven andra <a href=\"http:\/\/intressant.se\/intressant\">bloggar<\/a> om <a href=\"http:\/\/bloggar.se\/om\/sl%F6ja\" rel=\"tag\">sl\u00f6ja<\/a>, <a href=\"http:\/\/bloggar.se\/om\/niqab\" rel=\"tag\">niqab<\/a>, <a href=\"http:\/\/bloggar.se\/om\/burka\" rel=\"tag\">burka<\/a>, <a href=\"http:\/\/bloggar.se\/om\/sl%F6jf%F6rbud\" rel=\"tag\">sl\u00f6jf\u00f6rbud<\/a>, <a href=\"http:\/\/bloggar.se\/om\/frankrike\" rel=\"tag\">frankrike<\/a><\/p>\n","protected":false},"excerpt":{"rendered":"<p>Fr\u00e5n och med i dag \u00e4r det f\u00f6rbjudet att b\u00e4ra helt\u00e4ckande sl\u00f6ja, det vill s\u00e4ga niqab och burka, i Frankrike. Om f\u00f6rbudet trotsas v\u00e4ntar b\u00f6ter p\u00e5 motsvarande 1400 kronor. Om man tvingar n\u00e5gon annan att ha helt\u00e4ckande sl\u00f6ja riskerar man upp till tv\u00e5 \u00e5rs f\u00e4ngelse och drygt 500 000 kronor i b\u00f6ter. Att med v\u00e5ld &hellip; <a href=\"https:\/\/folin.nu\/blog\/2011\/04\/11\/franskt-slojtvang-maste-bort\/\" class=\"more-link\">Forts\u00e4tt l\u00e4sa <span class=\"screen-reader-text\">Franskt sl\u00f6jtv\u00e5ng m\u00e5ste bort<\/span> <span class=\"meta-nav\">&rarr;<\/span><\/a><\/p>\n","protected":false},"author":1,"featured_media":0,"comment_status":"open","ping_status":"open","sticky":false,"template":"","format":"standard","meta":{"footnotes":""},"categories":[15,2,18],"tags":[],"class_list":["post-1062","post","type-post","status-publish","format-standard","hentry","category-integritet","category-politik","category-utrikes"],"_links":{"self":[{"href":"https:\/\/folin.nu\/blog\/wp-json\/wp\/v2\/posts\/1062","targetHints":{"allow":["GET"]}}],"collection":[{"href":"https:\/\/folin.nu\/blog\/wp-json\/wp\/v2\/posts"}],"about":[{"href":"https:\/\/folin.nu\/blog\/wp-json\/wp\/v2\/types\/post"}],"author":[{"embeddable":true,"href":"https:\/\/folin.nu\/blog\/wp-json\/wp\/v2\/users\/1"}],"replies":[{"embeddable":true,"href":"https:\/\/folin.nu\/blog\/wp-json\/wp\/v2\/comments?post=1062"}],"version-history":[{"count":2,"href":"https:\/\/folin.nu\/blog\/wp-json\/wp\/v2\/posts\/1062\/revisions"}],"predecessor-version":[{"id":1064,"href":"https:\/\/folin.nu\/blog\/wp-json\/wp\/v2\/posts\/1062\/revisions\/1064"}],"wp:attachment":[{"href":"https:\/\/folin.nu\/blog\/wp-json\/wp\/v2\/media?parent=1062"}],"wp:term":[{"taxonomy":"category","embeddable":true,"href":"https:\/\/folin.nu\/blog\/wp-json\/wp\/v2\/categories?post=1062"},{"taxonomy":"post_tag","embeddable":true,"href":"https:\/\/folin.nu\/blog\/wp-json\/wp\/v2\/tags?post=1062"}],"curies":[{"name":"wp","href":"https:\/\/api.w.org\/{rel}","templated":true}]}}