{"id":1147,"date":"2011-08-03T19:08:24","date_gmt":"2011-08-03T17:08:24","guid":{"rendered":"https:\/\/folin.nu\/blog\/?p=1147"},"modified":"2011-08-03T19:10:08","modified_gmt":"2011-08-03T17:10:08","slug":"oarlig-tolkning","status":"publish","type":"post","link":"https:\/\/folin.nu\/blog\/2011\/08\/03\/oarlig-tolkning\/","title":{"rendered":"O\u00e4rlig tolkning"},"content":{"rendered":"<p>I morgondagens (4\/8) <a rel=\"nofollow\" href=\"http:\/\/aftonbladet.se\/ledare\/article13416077.ab\">ledare i Aftonbladet<\/a> skriver <a href=\"http:\/\/twitter.com\/danielswedin\">Daniel Swedin<\/a> om SJ med utg\u00e5ngspunkt i flickan som blev avkastad i Kumla. Jag h\u00e5ller med om en del i texten och en del h\u00e5ller jag inte med om. Som det brukar vara i Aftonbladets ledare. Jag blir dock irriterad n\u00e4r Daniel uppenbart feltolkar vad infrastrukturminister Catharina Elms\u00e4ter-Sv\u00e4rd sade ang\u00e5ende julfirande p\u00e5 grund av t\u00e5gf\u00f6rseningarna i vintras. S\u00e5 h\u00e4r skrev Daniel Swedin:<\/p>\n<blockquote><p>[&#8230;] den ansvariga ministern tyckte att de som satt fast i sn\u00f6helvetet gott kunde fira jul en annan dag.<\/p><\/blockquote>\n<p>S\u00e5 h\u00e4r sade Elms\u00e4ter-Sv\u00e4rd i <a href=\"http:\/\/www.dn.se\/nyheter\/sverige\/ministern-nojd-med-sjs-hantering\">intervjun med Dagens Nyheter<\/a>:<\/p>\n<blockquote><p>Jag kan f\u00f6rst\u00e5 irritationen och k\u00e4nslan. Det kanske till och med \u00e4r s\u00e5 att man inte kan fira jul p\u00e5 jul\u00adafton, utan att man f\u00e5r st\u00e4lla sig in p\u00e5 att ha julfirande n\u00e5gon annan dag. Det \u00e4r ju verkligen super\u00adtr\u00e5kigt.<\/p><\/blockquote>\n<p>Av Daniel Swedin f\u00e5r man intrycket att Elms\u00e4ter-Sv\u00e4rd tyckte att folk skulle sluta gn\u00e4lla och fira jul en annan dag; att det inte var n\u00e5gon bra anledning att klaga. Det Elms\u00e4ter-Sv\u00e4rd faktiskt s\u00e4ger \u00e4r ju precis tv\u00e4rt om.<\/p>\n<p>Det finns massor av anledningar att klaga p\u00e5 regeringens infrastrukturpolitik och hur Catarina Elms\u00e4ter-Sv\u00e4rd har sk\u00f6tt den. Att medvetet feltolka hennes uttalanden beh\u00f6vs verkligen inte. Det \u00e4r bara l\u00e4ttja.<\/p>\n<p>L\u00e4s \u00e4ven andra <a href=\"http:\/\/intressant.se\/intressant\">bloggar<\/a> om <a href=\"http:\/\/bloggar.se\/om\/aftonbladet\" rel=\"tag\">aftonbladet<\/a>, <a href=\"http:\/\/bloggar.se\/om\/sj\" rel=\"tag\">sj<\/a>, <a href=\"http:\/\/bloggar.se\/om\/elms%E4ter-sv%E4rd\" rel=\"tag\">elms\u00e4ter-sv\u00e4rd<\/a><\/p>\n","protected":false},"excerpt":{"rendered":"<p>I morgondagens (4\/8) ledare i Aftonbladet skriver Daniel Swedin om SJ med utg\u00e5ngspunkt i flickan som blev avkastad i Kumla. Jag h\u00e5ller med om en del i texten och en del h\u00e5ller jag inte med om. Som det brukar vara i Aftonbladets ledare. Jag blir dock irriterad n\u00e4r Daniel uppenbart feltolkar vad infrastrukturminister Catharina Elms\u00e4ter-Sv\u00e4rd &hellip; <a href=\"https:\/\/folin.nu\/blog\/2011\/08\/03\/oarlig-tolkning\/\" class=\"more-link\">Forts\u00e4tt l\u00e4sa <span class=\"screen-reader-text\">O\u00e4rlig tolkning<\/span> <span class=\"meta-nav\">&rarr;<\/span><\/a><\/p>\n","protected":false},"author":1,"featured_media":0,"comment_status":"open","ping_status":"open","sticky":false,"template":"","format":"standard","meta":{"footnotes":""},"categories":[33,4],"tags":[],"class_list":["post-1147","post","type-post","status-publish","format-standard","hentry","category-journalistik","category-media"],"_links":{"self":[{"href":"https:\/\/folin.nu\/blog\/wp-json\/wp\/v2\/posts\/1147","targetHints":{"allow":["GET"]}}],"collection":[{"href":"https:\/\/folin.nu\/blog\/wp-json\/wp\/v2\/posts"}],"about":[{"href":"https:\/\/folin.nu\/blog\/wp-json\/wp\/v2\/types\/post"}],"author":[{"embeddable":true,"href":"https:\/\/folin.nu\/blog\/wp-json\/wp\/v2\/users\/1"}],"replies":[{"embeddable":true,"href":"https:\/\/folin.nu\/blog\/wp-json\/wp\/v2\/comments?post=1147"}],"version-history":[{"count":2,"href":"https:\/\/folin.nu\/blog\/wp-json\/wp\/v2\/posts\/1147\/revisions"}],"predecessor-version":[{"id":1149,"href":"https:\/\/folin.nu\/blog\/wp-json\/wp\/v2\/posts\/1147\/revisions\/1149"}],"wp:attachment":[{"href":"https:\/\/folin.nu\/blog\/wp-json\/wp\/v2\/media?parent=1147"}],"wp:term":[{"taxonomy":"category","embeddable":true,"href":"https:\/\/folin.nu\/blog\/wp-json\/wp\/v2\/categories?post=1147"},{"taxonomy":"post_tag","embeddable":true,"href":"https:\/\/folin.nu\/blog\/wp-json\/wp\/v2\/tags?post=1147"}],"curies":[{"name":"wp","href":"https:\/\/api.w.org\/{rel}","templated":true}]}}