{"id":1161,"date":"2011-11-14T23:52:03","date_gmt":"2011-11-14T22:52:03","guid":{"rendered":"https:\/\/folin.nu\/blog\/?p=1161"},"modified":"2011-11-14T23:52:03","modified_gmt":"2011-11-14T22:52:03","slug":"ater-i-grona-klader","status":"publish","type":"post","link":"https:\/\/folin.nu\/blog\/2011\/11\/14\/ater-i-grona-klader\/","title":{"rendered":"\u00c5ter i gr\u00f6na kl\u00e4der"},"content":{"rendered":"<p>De n\u00e4rmsta fyra veckorna kommer den h\u00e4r bloggen att vara mer aktiv igen. Jag tj\u00e4nstg\u00f6r n\u00e4mligen som stridsvagnssoldat p\u00e5 P4 i Sk\u00f6vde under de n\u00e4rmsta veckorna. Efter att v\u00e4rnplikten avskaffades (eller egentligen pausade; v\u00e4rnplikten kan inf\u00f6ras igen relativt snabbt om situationen kr\u00e4ver det) inf\u00f6rdes en organisation som best\u00e5r av b\u00e5de kontinuerligt tj\u00e4nstg\u00f6rande soldater (f\u00f6rutom officerare) och tidvis tj\u00e4nstg\u00f6rande soldater. De tidvis tj\u00e4nstg\u00f6rande soldaterna deltar i en eller tv\u00e5 \u00f6vningar per \u00e5r f\u00f6r att h\u00e5lla uppe och f\u00f6rb\u00e4ttra sin befattningskompetens. Ungef\u00e4r som repm\u00e5naderna n\u00e4r de fanns, fast med skillnaden att vi \u00e4r anst\u00e4llda, f\u00e5r l\u00f6n och g\u00f6r det helt frivilligt.<br \/>\nJag kommer f\u00f6rs\u00f6ka skriva ett blogginl\u00e4gg per dag, \u00e5tminstone de dagar som inte inneh\u00e5ller samma moment som f\u00f6reg\u00e5ende dag.<br \/>\nIdag b\u00f6rjade vi efter lunch, eftersom de flesta hade en bit att \u00e5ka. Eftermiddagen b\u00f6rjade med information fr\u00e5n kompani- och bataljonsledningen och d\u00e4refter h\u00e4mtades all utrustning ut fr\u00e5n f\u00f6rr\u00e5det. Under kv\u00e4llen gick vi igenom policydokumenten f\u00f6r likabehandling, insatsattityd och liknande. D\u00e4refter repeterade vi de kommandon som f\u00f6rekommer dels i vagnen mellan bes\u00e4ttningsmedlemmarna och dels mellan vagnarna \u00f6ver radio. \u00c4ven olika tecken som f\u00f6rekommer i stridsledning och de formationer som plutonen kan anv\u00e4nda repeterades.<br \/>\nV\u00e4ldigt mycket teoretiskt idag.<\/p>\n<p><img loading=\"lazy\" decoding=\"async\" src=\"https:\/\/folin.nu\/blog\/wp-content\/uploads\/2011\/11\/IMG_0981-225x300.jpg\" alt=\"\" title=\"Folin i uniform\" width=\"225\" height=\"300\" class=\"aligncenter size-medium wp-image-1162\" srcset=\"https:\/\/folin.nu\/blog\/wp-content\/uploads\/2011\/11\/IMG_0981-225x300.jpg 225w, https:\/\/folin.nu\/blog\/wp-content\/uploads\/2011\/11\/IMG_0981.jpg 480w\" sizes=\"auto, (max-width: 225px) 100vw, 225px\" \/><\/p>\n","protected":false},"excerpt":{"rendered":"<p>De n\u00e4rmsta fyra veckorna kommer den h\u00e4r bloggen att vara mer aktiv igen. Jag tj\u00e4nstg\u00f6r n\u00e4mligen som stridsvagnssoldat p\u00e5 P4 i Sk\u00f6vde under de n\u00e4rmsta veckorna. Efter att v\u00e4rnplikten avskaffades (eller egentligen pausade; v\u00e4rnplikten kan inf\u00f6ras igen relativt snabbt om situationen kr\u00e4ver det) inf\u00f6rdes en organisation som best\u00e5r av b\u00e5de kontinuerligt tj\u00e4nstg\u00f6rande soldater (f\u00f6rutom officerare) &hellip; <a href=\"https:\/\/folin.nu\/blog\/2011\/11\/14\/ater-i-grona-klader\/\" class=\"more-link\">Forts\u00e4tt l\u00e4sa <span class=\"screen-reader-text\">\u00c5ter i gr\u00f6na kl\u00e4der<\/span> <span class=\"meta-nav\">&rarr;<\/span><\/a><\/p>\n","protected":false},"author":1,"featured_media":0,"comment_status":"open","ping_status":"open","sticky":false,"template":"","format":"standard","meta":{"footnotes":""},"categories":[6],"tags":[],"class_list":["post-1161","post","type-post","status-publish","format-standard","hentry","category-personligt"],"_links":{"self":[{"href":"https:\/\/folin.nu\/blog\/wp-json\/wp\/v2\/posts\/1161","targetHints":{"allow":["GET"]}}],"collection":[{"href":"https:\/\/folin.nu\/blog\/wp-json\/wp\/v2\/posts"}],"about":[{"href":"https:\/\/folin.nu\/blog\/wp-json\/wp\/v2\/types\/post"}],"author":[{"embeddable":true,"href":"https:\/\/folin.nu\/blog\/wp-json\/wp\/v2\/users\/1"}],"replies":[{"embeddable":true,"href":"https:\/\/folin.nu\/blog\/wp-json\/wp\/v2\/comments?post=1161"}],"version-history":[{"count":3,"href":"https:\/\/folin.nu\/blog\/wp-json\/wp\/v2\/posts\/1161\/revisions"}],"predecessor-version":[{"id":1165,"href":"https:\/\/folin.nu\/blog\/wp-json\/wp\/v2\/posts\/1161\/revisions\/1165"}],"wp:attachment":[{"href":"https:\/\/folin.nu\/blog\/wp-json\/wp\/v2\/media?parent=1161"}],"wp:term":[{"taxonomy":"category","embeddable":true,"href":"https:\/\/folin.nu\/blog\/wp-json\/wp\/v2\/categories?post=1161"},{"taxonomy":"post_tag","embeddable":true,"href":"https:\/\/folin.nu\/blog\/wp-json\/wp\/v2\/tags?post=1161"}],"curies":[{"name":"wp","href":"https:\/\/api.w.org\/{rel}","templated":true}]}}