{"id":1189,"date":"2011-12-14T14:06:53","date_gmt":"2011-12-14T13:06:53","guid":{"rendered":"https:\/\/folin.nu\/blog\/?p=1189"},"modified":"2011-12-14T14:08:17","modified_gmt":"2011-12-14T13:08:17","slug":"skarpskjutning-och-kompaniovning","status":"publish","type":"post","link":"https:\/\/folin.nu\/blog\/2011\/12\/14\/skarpskjutning-och-kompaniovning\/","title":{"rendered":"Skarpskjutning och kompani\u00f6vning"},"content":{"rendered":"<p>Det visade sig vara sv\u00e5rt att uppdatera bloggen n\u00e4r vi var ute i f\u00e4lt. Mottagningen p\u00e5 b\u00e5de skjutf\u00e4ltet och \u00f6vningsf\u00e4ltet \u00e4r inte vad man kunde \u00f6nska att den var. Dessutom blev det f\u00f6r omst\u00e4ndigt att uppdatera bloggen utan datorn som fick stanna i logementssk\u00e5pet. Att skriva l\u00e4ngre textstycken p\u00e5 iPhonen \u00e4r inte s\u00e4rskilt kul.<br \/>\nN\u00e5v\u00e4l, nu \u00e4r jag hemma igen och den f\u00f6rsta KF\u00d6:n, krigsf\u00f6rbands\u00f6vningen, i den nya f\u00f6rsvarsorganisationen \u00e4r genomf\u00f6rd. Andra delen av KF\u00d6:n b\u00f6rjade med stridsvagnsmarsch till skjutf\u00e4ltet Kr\u00e5k, fem mil \u00f6ster om Sk\u00f6vde.<\/p>\n<p><em>Marsch till Kr\u00e5k:<\/em><br \/>\n[flv:https:\/\/folin.nu\/blog\/wp-content\/uploads\/2011\/12\/Marsch.m4v 500 280]<\/p>\n<p><img loading=\"lazy\" decoding=\"async\" src=\"https:\/\/folin.nu\/blog\/wp-content\/uploads\/2011\/12\/DSC_0780.jpg\" alt=\"Kompaniet uppst\u00e4llt i Tibro\" title=\"Kompaniet uppst\u00e4llt i Tibro\" width=\"500\" height=\"331\" class=\"aligncenter size-full wp-image-1199\" srcset=\"https:\/\/folin.nu\/blog\/wp-content\/uploads\/2011\/12\/DSC_0780.jpg 500w, https:\/\/folin.nu\/blog\/wp-content\/uploads\/2011\/12\/DSC_0780-300x198.jpg 300w\" sizes=\"auto, (max-width: 500px) 100vw, 500px\" \/><br \/>\n<em>Kompaniet uppst\u00e4llt under rast i Tibro<\/em><\/p>\n<p>P\u00e5 skjutf\u00e4ltet sk\u00f6t vi ungef\u00e4r fyrtio skott med kanonen under tv\u00e5 dagar. Ett av skotten som min vagn tilldelades fastnade i magasinet s\u00e5 det delade sig. Det som syns p\u00e5 bilden \u00e4r allts\u00e5 bara den del som skjuts ut, men det ger en uppfattning om hur stora skotten \u00e4r.<br \/>\n<img loading=\"lazy\" decoding=\"async\" src=\"https:\/\/folin.nu\/blog\/wp-content\/uploads\/2011\/12\/SDC11887.jpg\" alt=\"Delad barlastad spr\u00e4nggranat\" title=\"Delad barlastad spr\u00e4nggranat\" width=\"500\" height=\"375\" class=\"aligncenter size-full wp-image-1210\" srcset=\"https:\/\/folin.nu\/blog\/wp-content\/uploads\/2011\/12\/SDC11887.jpg 500w, https:\/\/folin.nu\/blog\/wp-content\/uploads\/2011\/12\/SDC11887-300x225.jpg 300w\" sizes=\"auto, (max-width: 500px) 100vw, 500px\" \/><br \/>\n<em>Delad barlastad spr\u00e4nggranat<\/em><\/p>\n<p>Det sk\u00f6ts en hel del, som sagt. H\u00e4r f\u00f6ljer en kort sammanfattning:<br \/>\n[flv:https:\/\/folin.nu\/blog\/wp-content\/uploads\/2011\/12\/KFO-tight.m4v 500 280]<\/p>\n<p><img loading=\"lazy\" decoding=\"async\" src=\"https:\/\/folin.nu\/blog\/wp-content\/uploads\/2011\/12\/DSC_0823.jpg\" alt=\"Utv\u00e4rdering\" title=\"Utv\u00e4rdering\" width=\"500\" height=\"331\" class=\"aligncenter size-full wp-image-1213\" srcset=\"https:\/\/folin.nu\/blog\/wp-content\/uploads\/2011\/12\/DSC_0823.jpg 500w, https:\/\/folin.nu\/blog\/wp-content\/uploads\/2011\/12\/DSC_0823-300x198.jpg 300w\" sizes=\"auto, (max-width: 500px) 100vw, 500px\" \/><br \/>\n<em>Kapten Kjerstensson utv\u00e4rderar ett moment med Echo Alphas tornbes\u00e4ttning<\/em><\/p>\n<p>Natten till fredag lastade vi vagnarna p\u00e5 sl\u00e4p och \u00e5kte tillbaka till Sk\u00f6vde \u00f6vningsf\u00e4lt d\u00e4r vi fortsatte \u00f6va, f\u00f6rst inom plutonen f\u00f6r att p\u00e5 s\u00f6ndagen ut\u00f6ka till kompani. Vid tv\u00e5 tillf\u00e4llen utv\u00e4rderades kompanianfallet av STA-personal (stridstr\u00e4ningsanl\u00e4ggning) fr\u00e5n Markstridsskolan, vilket gav oss soldater m\u00f6jlighet att se var vi gjorde fel, var de andra plutonerna befann sig och var fienden befann sig.<\/p>\n<p><img loading=\"lazy\" decoding=\"async\" src=\"https:\/\/folin.nu\/blog\/wp-content\/uploads\/2011\/12\/SDC11892.jpg\" alt=\"Utv\u00e4rdering STA\" title=\"Utv\u00e4rdering STA\" width=\"490\" height=\"368\" class=\"aligncenter size-full wp-image-1215\" srcset=\"https:\/\/folin.nu\/blog\/wp-content\/uploads\/2011\/12\/SDC11892.jpg 490w, https:\/\/folin.nu\/blog\/wp-content\/uploads\/2011\/12\/SDC11892-300x225.jpg 300w\" sizes=\"auto, (max-width: 490px) 100vw, 490px\" \/><br \/>\n<em>\u00d6gonblicksbild fr\u00e5n utv\u00e4rderingen av kompanianfallet<\/em><\/p>\n<p>P\u00e5 s\u00f6ndagskv\u00e4llen avslutades \u00f6vningen och de f\u00f6ljande tv\u00e5 dagarna \u00e4gnades \u00e5t att g\u00f6ra rent vagnarna igen. Det fastnar r\u00e4tt mycket lera i och p\u00e5 vagnen.<\/p>\n","protected":false},"excerpt":{"rendered":"<p>Det visade sig vara sv\u00e5rt att uppdatera bloggen n\u00e4r vi var ute i f\u00e4lt. Mottagningen p\u00e5 b\u00e5de skjutf\u00e4ltet och \u00f6vningsf\u00e4ltet \u00e4r inte vad man kunde \u00f6nska att den var. Dessutom blev det f\u00f6r omst\u00e4ndigt att uppdatera bloggen utan datorn som fick stanna i logementssk\u00e5pet. Att skriva l\u00e4ngre textstycken p\u00e5 iPhonen \u00e4r inte s\u00e4rskilt kul. N\u00e5v\u00e4l, &hellip; <a href=\"https:\/\/folin.nu\/blog\/2011\/12\/14\/skarpskjutning-och-kompaniovning\/\" class=\"more-link\">Forts\u00e4tt l\u00e4sa <span class=\"screen-reader-text\">Skarpskjutning och kompani\u00f6vning<\/span> <span class=\"meta-nav\">&rarr;<\/span><\/a><\/p>\n","protected":false},"author":1,"featured_media":0,"comment_status":"open","ping_status":"open","sticky":false,"template":"","format":"standard","meta":{"footnotes":""},"categories":[6],"tags":[],"class_list":["post-1189","post","type-post","status-publish","format-standard","hentry","category-personligt"],"_links":{"self":[{"href":"https:\/\/folin.nu\/blog\/wp-json\/wp\/v2\/posts\/1189","targetHints":{"allow":["GET"]}}],"collection":[{"href":"https:\/\/folin.nu\/blog\/wp-json\/wp\/v2\/posts"}],"about":[{"href":"https:\/\/folin.nu\/blog\/wp-json\/wp\/v2\/types\/post"}],"author":[{"embeddable":true,"href":"https:\/\/folin.nu\/blog\/wp-json\/wp\/v2\/users\/1"}],"replies":[{"embeddable":true,"href":"https:\/\/folin.nu\/blog\/wp-json\/wp\/v2\/comments?post=1189"}],"version-history":[{"count":22,"href":"https:\/\/folin.nu\/blog\/wp-json\/wp\/v2\/posts\/1189\/revisions"}],"predecessor-version":[{"id":1220,"href":"https:\/\/folin.nu\/blog\/wp-json\/wp\/v2\/posts\/1189\/revisions\/1220"}],"wp:attachment":[{"href":"https:\/\/folin.nu\/blog\/wp-json\/wp\/v2\/media?parent=1189"}],"wp:term":[{"taxonomy":"category","embeddable":true,"href":"https:\/\/folin.nu\/blog\/wp-json\/wp\/v2\/categories?post=1189"},{"taxonomy":"post_tag","embeddable":true,"href":"https:\/\/folin.nu\/blog\/wp-json\/wp\/v2\/tags?post=1189"}],"curies":[{"name":"wp","href":"https:\/\/api.w.org\/{rel}","templated":true}]}}