{"id":12,"date":"2005-08-18T15:11:56","date_gmt":"2005-08-18T13:11:56","guid":{"rendered":"https:\/\/folin.nu\/blog\/?p=12"},"modified":"2005-08-18T15:51:07","modified_gmt":"2005-08-18T13:51:07","slug":"privata-trafikforsakringar","status":"publish","type":"post","link":"https:\/\/folin.nu\/blog\/2005\/08\/18\/privata-trafikforsakringar\/","title":{"rendered":"Privata trafikf\u00f6rs\u00e4kringar"},"content":{"rendered":"<p>SVT <a href=\"http:\/\/svt.se\/svt\/jsp\/Crosslink.jsp?d=22620&#038;a=434457\">rapporterade<\/a> i tisdags (16\/8) att Alliansen har enats om att bilisterna (via trafikf\u00f6rs\u00e4kringen) sj\u00e4lva ska ta kostnaderna f\u00f6r sjukskrivningar som orsakas av trafikolyckor. <a href=\"http:\/\/www.motallians.se\">Motallians<\/a> var inte sena att <a href=\"http:\/\/motallians.sblogg.se\/?p=24\">kritisera<\/a>.<br \/>\nNu har huvudf\u00f6rslagen i Karin Svensson Smiths trafikutredning <a href=\"http:\/\/www.svd.se\/dynamiskt\/inrikes\/did_10341159.asp\">presenterats<\/a>. D\u00e4r finner vi, f\u00f6rutom f\u00f6rslag kring alkol\u00e5s, bland annat att Svensson Smith \u00e4r positiv till &#8211; just det &#8211; att flytta \u00f6ver trafikolycksrelaterade sjukv\u00e5rdskostnader till trafikf\u00f6rs\u00e4kringen ist\u00e4llet f\u00f6r att som nu ta pengarna fr\u00e5n landstingsskatten.<\/p>\n<p>Jag undrar vad g\u00e4nget p\u00e5 Motallians tycker om det f\u00f6rslaget.<\/p>\n","protected":false},"excerpt":{"rendered":"<p>SVT rapporterade i tisdags (16\/8) att Alliansen har enats om att bilisterna (via trafikf\u00f6rs\u00e4kringen) sj\u00e4lva ska ta kostnaderna f\u00f6r sjukskrivningar som orsakas av trafikolyckor. Motallians var inte sena att kritisera. Nu har huvudf\u00f6rslagen i Karin Svensson Smiths trafikutredning presenterats. D\u00e4r finner vi, f\u00f6rutom f\u00f6rslag kring alkol\u00e5s, bland annat att Svensson Smith \u00e4r positiv till &#8211; &hellip; <a href=\"https:\/\/folin.nu\/blog\/2005\/08\/18\/privata-trafikforsakringar\/\" class=\"more-link\">Forts\u00e4tt l\u00e4sa <span class=\"screen-reader-text\">Privata trafikf\u00f6rs\u00e4kringar<\/span> <span class=\"meta-nav\">&rarr;<\/span><\/a><\/p>\n","protected":false},"author":1,"featured_media":0,"comment_status":"open","ping_status":"open","sticky":false,"template":"","format":"standard","meta":{"footnotes":""},"categories":[2],"tags":[],"class_list":["post-12","post","type-post","status-publish","format-standard","hentry","category-politik"],"_links":{"self":[{"href":"https:\/\/folin.nu\/blog\/wp-json\/wp\/v2\/posts\/12","targetHints":{"allow":["GET"]}}],"collection":[{"href":"https:\/\/folin.nu\/blog\/wp-json\/wp\/v2\/posts"}],"about":[{"href":"https:\/\/folin.nu\/blog\/wp-json\/wp\/v2\/types\/post"}],"author":[{"embeddable":true,"href":"https:\/\/folin.nu\/blog\/wp-json\/wp\/v2\/users\/1"}],"replies":[{"embeddable":true,"href":"https:\/\/folin.nu\/blog\/wp-json\/wp\/v2\/comments?post=12"}],"version-history":[{"count":0,"href":"https:\/\/folin.nu\/blog\/wp-json\/wp\/v2\/posts\/12\/revisions"}],"wp:attachment":[{"href":"https:\/\/folin.nu\/blog\/wp-json\/wp\/v2\/media?parent=12"}],"wp:term":[{"taxonomy":"category","embeddable":true,"href":"https:\/\/folin.nu\/blog\/wp-json\/wp\/v2\/categories?post=12"},{"taxonomy":"post_tag","embeddable":true,"href":"https:\/\/folin.nu\/blog\/wp-json\/wp\/v2\/tags?post=12"}],"curies":[{"name":"wp","href":"https:\/\/api.w.org\/{rel}","templated":true}]}}