{"id":1273,"date":"2013-08-17T14:22:51","date_gmt":"2013-08-17T12:22:51","guid":{"rendered":"https:\/\/folin.nu\/blog\/?p=1273"},"modified":"2013-08-17T14:22:51","modified_gmt":"2013-08-17T12:22:51","slug":"socialdemokratiskt-regionrad-stoder-personangrepp","status":"publish","type":"post","link":"https:\/\/folin.nu\/blog\/2013\/08\/17\/socialdemokratiskt-regionrad-stoder-personangrepp\/","title":{"rendered":"Socialdemokratiskt regionr\u00e5d st\u00f6der personangrepp"},"content":{"rendered":"<p><img loading=\"lazy\" decoding=\"async\" class=\"size-full wp-image-1275 alignleft\" style=\"line-height: 1.5;\" alt=\"\" src=\"https:\/\/folin.nu\/blog\/wp-content\/uploads\/2013\/08\/2.jpg\" width=\"115\" height=\"288\" \/><\/p>\n<p>Inf\u00f6r demonstrationen om den sk\u00e5nska sjukv\u00e5rden ig\u00e5r \u2013\u00a0d\u00e4r\u00a0regiondirekt\u00f6ren Jonas Rastad (regionens h\u00f6gste opolitiske tj\u00e4nsteman) avbildades med k\u00f6ttyxa i handen (<a href=\"http:\/\/www.mynewsdesk.com\/se\/pressroom\/femklovern-i-skane\/pressrelease\/view\/vilken-relation-vill-s-ha-till-region-skaanes-tjaenstemaen-847032\">f\u00f6r \u00f6vrigt inte f\u00f6rsta g\u00e5ngen<\/a>), och\u00a0regionstyrelsens ordf\u00f6rande Pia Kinhult avbildades med svart k\u00e5pa och lie \u2013 skickade Socialdemokraternas regionr\u00e5d Henrik Fritzon ett <a href=\"https:\/\/folin.nu\/blog\/wp-content\/uploads\/2013\/08\/3.jpg\">pressmeddelande<\/a>\u00a0d\u00e4r han tydligt uttalade sitt st\u00f6d f\u00f6r demonstrationen.<\/p>\n<p><img loading=\"lazy\" decoding=\"async\" class=\"size-full wp-image-1274 alignright\" alt=\"\" src=\"https:\/\/folin.nu\/blog\/wp-content\/uploads\/2013\/08\/1.jpg\" width=\"161\" height=\"205\" \/><\/p>\n<p>Andra akt\u00f6rer, som <a href=\"https:\/\/www.vardforbundet.se\/Vardfokus\/Webbnyheter\/2013\/Augusti\/Skanskt-mini-almedalen-vacker-kanslor\/\">V\u00e5rdf\u00f6rbundet<\/a>, valde att inte delta i demonstrationen eftersom de ans\u00e5g att det handlade om personangrepp.<\/p>\n<p>I ett t\u00e4lt i direkt anslutning till demonstrationen p\u00e5gick ett\u00a0<a href=\"http:\/\/www.skane.se\/sv\/Skanes-utveckling\/Regional-utvecklingsstrategi-for-Skane\/MotesplatsSkane\/Program\/Ett-Skane-for-alla---om-att-motverka-utanforskap-genom-ungas-deltagande-och-inflytande-i-Skane-\/\">opolitiskt seminarium om hur vi kan minska utanf\u00f6rskapet bland unga med psykisk oh\u00e4lsa<\/a>. Den h\u00f6ga ljudniv\u00e5n gjorde att seminariet, d\u00e4r inga politiker deltog i panelen, tydligt st\u00f6rdes och gjorde att m\u00e5nga bes\u00f6kare hade sv\u00e5rt att h\u00f6ra vad som sades.<\/p>\n<p>Utanf\u00f6r t\u00e4ltet stod socialdemokraten Henrik Fritzon, som f\u00f6rutom regionr\u00e5d ocks\u00e5 \u00e4r 2:e vice ordf\u00f6rande i H\u00e4lso- och sjukv\u00e5rdsn\u00e4mnden, ledamot i Handikappberedningen, <a href=\"http:\/\/skane.se\/Demokrati\/Fortroendevalda_ny\/Portlet-for-fortroendevald\/?rId=2682\">med mera<\/a>, och appl\u00e5derade:<\/p>\n<div style=\"width: 480px;\" class=\"wp-video\"><video class=\"wp-video-shortcode\" id=\"video-1273-1\" width=\"480\" height=\"360\" preload=\"metadata\" controls=\"controls\"><source type=\"video\/mp4\" src=\"https:\/\/folin.nu\/blog\/wp-content\/uploads\/2013\/08\/Appl\u00e5der.m4v?_=1\" \/><a href=\"https:\/\/folin.nu\/blog\/wp-content\/uploads\/2013\/08\/Appl\u00e5der.m4v\">https:\/\/folin.nu\/blog\/wp-content\/uploads\/2013\/08\/Appl\u00e5der.m4v<\/a><\/video><\/div>\n<p>&nbsp;<\/p>\n<p>Efter demonstrationen dr\u00f6jde sig ett tiotal demonstranter kvar och f\u00f6rs\u00f6kte fysiskt attackera Pia Kinhult med bland annat \u00e4gg, till den grad att de v\u00e4ktare som fanns p\u00e5 plats beh\u00f6vde <a href=\"http:\/\/www.svt.se\/nyheter\/regionalt\/sydnytt\/reginrad-utsatt-for-aggkastning\">tillkalla polis.<\/a><\/p>\n","protected":false},"excerpt":{"rendered":"<p>Inf\u00f6r demonstrationen om den sk\u00e5nska sjukv\u00e5rden ig\u00e5r \u2013\u00a0d\u00e4r\u00a0regiondirekt\u00f6ren Jonas Rastad (regionens h\u00f6gste opolitiske tj\u00e4nsteman) avbildades med k\u00f6ttyxa i handen (f\u00f6r \u00f6vrigt inte f\u00f6rsta g\u00e5ngen), och\u00a0regionstyrelsens ordf\u00f6rande Pia Kinhult avbildades med svart k\u00e5pa och lie \u2013 skickade Socialdemokraternas regionr\u00e5d Henrik Fritzon ett pressmeddelande\u00a0d\u00e4r han tydligt uttalade sitt st\u00f6d f\u00f6r demonstrationen. Andra akt\u00f6rer, som V\u00e5rdf\u00f6rbundet, valde att &hellip; <a href=\"https:\/\/folin.nu\/blog\/2013\/08\/17\/socialdemokratiskt-regionrad-stoder-personangrepp\/\" class=\"more-link\">Forts\u00e4tt l\u00e4sa <span class=\"screen-reader-text\">Socialdemokratiskt regionr\u00e5d st\u00f6der personangrepp<\/span> <span class=\"meta-nav\">&rarr;<\/span><\/a><\/p>\n","protected":false},"author":1,"featured_media":0,"comment_status":"open","ping_status":"open","sticky":false,"template":"","format":"standard","meta":{"footnotes":""},"categories":[17,2],"tags":[],"class_list":["post-1273","post","type-post","status-publish","format-standard","hentry","category-inrikes","category-politik"],"_links":{"self":[{"href":"https:\/\/folin.nu\/blog\/wp-json\/wp\/v2\/posts\/1273","targetHints":{"allow":["GET"]}}],"collection":[{"href":"https:\/\/folin.nu\/blog\/wp-json\/wp\/v2\/posts"}],"about":[{"href":"https:\/\/folin.nu\/blog\/wp-json\/wp\/v2\/types\/post"}],"author":[{"embeddable":true,"href":"https:\/\/folin.nu\/blog\/wp-json\/wp\/v2\/users\/1"}],"replies":[{"embeddable":true,"href":"https:\/\/folin.nu\/blog\/wp-json\/wp\/v2\/comments?post=1273"}],"version-history":[{"count":28,"href":"https:\/\/folin.nu\/blog\/wp-json\/wp\/v2\/posts\/1273\/revisions"}],"predecessor-version":[{"id":1317,"href":"https:\/\/folin.nu\/blog\/wp-json\/wp\/v2\/posts\/1273\/revisions\/1317"}],"wp:attachment":[{"href":"https:\/\/folin.nu\/blog\/wp-json\/wp\/v2\/media?parent=1273"}],"wp:term":[{"taxonomy":"category","embeddable":true,"href":"https:\/\/folin.nu\/blog\/wp-json\/wp\/v2\/categories?post=1273"},{"taxonomy":"post_tag","embeddable":true,"href":"https:\/\/folin.nu\/blog\/wp-json\/wp\/v2\/tags?post=1273"}],"curies":[{"name":"wp","href":"https:\/\/api.w.org\/{rel}","templated":true}]}}