{"id":158,"date":"2006-07-13T09:23:20","date_gmt":"2006-07-13T07:23:20","guid":{"rendered":"https:\/\/folin.nu\/blog\/2006\/07\/13\/inget-foto-pa-mozarts-anka\/"},"modified":"2006-07-13T11:17:01","modified_gmt":"2006-07-13T09:17:01","slug":"inget-foto-pa-mozarts-anka","status":"publish","type":"post","link":"https:\/\/folin.nu\/blog\/2006\/07\/13\/inget-foto-pa-mozarts-anka\/","title":{"rendered":"Inget foto p\u00e5 Mozarts \u00e4nka"},"content":{"rendered":"<p><a href=\"http:\/\/www.dn.se\/DNet\/jsp\/polopoly.jsp?d=2198&#038;a=558150&#038;previousRenderType=6\">Flera<\/a> <a href=\"http:\/\/news.bbc.co.uk\/1\/hi\/world\/europe\/5157200.stm\">tidningar<\/a>, <a href=\"http:\/\/www.aftonbladet.se\/vss\/kvinna\/story\/0,2789,854140,00.html\">dasspapper<\/a> och <a href=\"http:\/\/annikabryn.blogs.se\/2006\/07\/08\/historiens_vingslag~943113\">diverse<\/a> <a href=\"http:\/\/maynard-ingels.blogspot.com\/2006\/07\/constanze-knner-sig-viktig.html\">bloggar<\/a> har de senaste dagarna publicerat en bild som s\u00e4gs vara det enda fotografiet f\u00f6rest\u00e4llandes Wolfgang Amadeus Mozarts \u00e4nka <a href=\"http:\/\/en.wikipedia.org\/wiki\/Constanze_Mozart\">Constance<\/a>.<br \/>\nLite snabba googlingar visar dock att man kanske slarvat lite med faktakollen. Enligt Agnes Selby, som skrivit boken <em><a href=\"http:\/\/www.amazon.com\/gp\/product\/0908031718\/104-1523642-1417528?v=glance&#038;n=283155\">Constanze, Mozart&#8217;s Beloved<\/a><\/em>, finns det flera saker som pekar p\u00e5 att fotot <a href=\"http:\/\/classicalmusicguide.com\/phpBB2\/viewtopic.php?t=12649&#038;postdays=0&#038;postorder=asc&#038;start=0\">inte f\u00f6rest\u00e4ller Constance<\/a>.<\/p>\n<ul>\n<li>Constance hade sv\u00e5rartad ledinflammation 1840 n\u00e4r fotot ska vara taget, och hade inte kunnat f\u00f6reta sig resan till Maximilian Kellers hem. I Mozarteum finns en hel m\u00e4ngd information om Constances liv, och massor av anteckningar och brev om hennes problem att r\u00f6ra sig p\u00e5 grund av gikt och \u00e5derbrock &#8211; f\u00f6rutom ledinflammationen &#8211; finns kvar.<\/li>\n<li>Constance f\u00f6rde utf\u00f6rliga dagb\u00f6cker om b\u00e5de brev och ekonomiska utl\u00e4gg, och ingenstans i hennes dagb\u00f6cker finns anteckningar om resan till Max Kellers hem. Det finns dessutom inga tecken p\u00e5 att hon hade n\u00e5gon kontakt med Keller efter 1826, varken brevledes eller personligen.<\/li>\n<li>Tekniken f\u00f6r att ta den h\u00e4r typen av fotografier utomhus var inte utvecklad 1840. <a href=\"http:\/\/en.wikipedia.org\/wiki\/Jozef_Maximili%C3%A1n_Petzval\">Jozef Maximili\u00e1n Petzvals<\/a> lins var inte bra nog f\u00f6r utomhusbruk f\u00f6rr\u00e4n tjugo \u00e5r senare. Tidigare linser kr\u00e4vde v\u00e4ldigt l\u00e5ng exponeringstid, ofta upp till \u00e5tminstone tio minuter, vilket leder till v\u00e4ldigt suddiga bilder.<\/li>\n<li>Staden Alt\u00f6tting har inte anlitat n\u00e5gra utomst\u00e5ende oberoende experter f\u00f6r att verifiera fotografiets \u00e4kthet, \u00e5tminstone inga som vill st\u00e4lla upp med sitt namn.<\/li>\n<li>Tveksamhet: Hur m\u00e5nga 78-\u00e5ringar har kolsvart h\u00e5r?<\/li>\n<\/ul>\n<p>Kellers barnbarn var organist, och kan vara den som spridit ryktet fr\u00e5n b\u00f6rjan f\u00f6r att f\u00e5 uppm\u00e4rksamhet.<\/p>\n<p>Andra bloggar om: <a href=\"http:\/\/bloggar.se\/om\/mozart\" rel=\"tag\">mozart<\/a>, <a href=\"http:\/\/bloggar.se\/om\/constance\" rel=\"tag\">constance<\/a>, <a href=\"http:\/\/bloggar.se\/om\/fotografier\" rel=\"tag\">fotografier<\/a>, <a href=\"http:\/\/bloggar.se\/om\/f%F6rfalskningar\" rel=\"tag\">f\u00f6rfalskningar<\/a><\/p>\n","protected":false},"excerpt":{"rendered":"<p>Flera tidningar, dasspapper och diverse bloggar har de senaste dagarna publicerat en bild som s\u00e4gs vara det enda fotografiet f\u00f6rest\u00e4llandes Wolfgang Amadeus Mozarts \u00e4nka Constance. Lite snabba googlingar visar dock att man kanske slarvat lite med faktakollen. Enligt Agnes Selby, som skrivit boken Constanze, Mozart&#8217;s Beloved, finns det flera saker som pekar p\u00e5 att fotot &hellip; <a href=\"https:\/\/folin.nu\/blog\/2006\/07\/13\/inget-foto-pa-mozarts-anka\/\" class=\"more-link\">Forts\u00e4tt l\u00e4sa <span class=\"screen-reader-text\">Inget foto p\u00e5 Mozarts \u00e4nka<\/span> <span class=\"meta-nav\">&rarr;<\/span><\/a><\/p>\n","protected":false},"author":1,"featured_media":0,"comment_status":"open","ping_status":"open","sticky":false,"template":"","format":"standard","meta":{"footnotes":""},"categories":[19,4],"tags":[],"class_list":["post-158","post","type-post","status-publish","format-standard","hentry","category-historia","category-media"],"_links":{"self":[{"href":"https:\/\/folin.nu\/blog\/wp-json\/wp\/v2\/posts\/158","targetHints":{"allow":["GET"]}}],"collection":[{"href":"https:\/\/folin.nu\/blog\/wp-json\/wp\/v2\/posts"}],"about":[{"href":"https:\/\/folin.nu\/blog\/wp-json\/wp\/v2\/types\/post"}],"author":[{"embeddable":true,"href":"https:\/\/folin.nu\/blog\/wp-json\/wp\/v2\/users\/1"}],"replies":[{"embeddable":true,"href":"https:\/\/folin.nu\/blog\/wp-json\/wp\/v2\/comments?post=158"}],"version-history":[{"count":0,"href":"https:\/\/folin.nu\/blog\/wp-json\/wp\/v2\/posts\/158\/revisions"}],"wp:attachment":[{"href":"https:\/\/folin.nu\/blog\/wp-json\/wp\/v2\/media?parent=158"}],"wp:term":[{"taxonomy":"category","embeddable":true,"href":"https:\/\/folin.nu\/blog\/wp-json\/wp\/v2\/categories?post=158"},{"taxonomy":"post_tag","embeddable":true,"href":"https:\/\/folin.nu\/blog\/wp-json\/wp\/v2\/tags?post=158"}],"curies":[{"name":"wp","href":"https:\/\/api.w.org\/{rel}","templated":true}]}}