{"id":16,"date":"2005-09-20T12:13:31","date_gmt":"2005-09-20T10:13:31","guid":{"rendered":"https:\/\/folin.nu\/blog\/2005\/09\/20\/ipod-nano-del-2\/"},"modified":"2005-09-20T23:27:57","modified_gmt":"2005-09-20T21:27:57","slug":"ipod-nano-del-2","status":"publish","type":"post","link":"https:\/\/folin.nu\/blog\/2005\/09\/20\/ipod-nano-del-2\/","title":{"rendered":"iPod nano &#8211; del 2"},"content":{"rendered":"<p>F\u00f6r n\u00e5gra minuter sedan kom min iPod nano. Bilder finns <a href=\"http:\/\/johan.folin.nu\/index.php?dir=%2Fipod+nano\">h\u00e4r<\/a>.<\/p>\n","protected":false},"excerpt":{"rendered":"<p>F\u00f6r n\u00e5gra minuter sedan kom min iPod nano. Bilder finns h\u00e4r.<\/p>\n","protected":false},"author":1,"featured_media":0,"comment_status":"open","ping_status":"open","sticky":false,"template":"","format":"standard","meta":{"footnotes":""},"categories":[3,6],"tags":[],"class_list":["post-16","post","type-post","status-publish","format-standard","hentry","category-it","category-personligt"],"_links":{"self":[{"href":"https:\/\/folin.nu\/blog\/wp-json\/wp\/v2\/posts\/16","targetHints":{"allow":["GET"]}}],"collection":[{"href":"https:\/\/folin.nu\/blog\/wp-json\/wp\/v2\/posts"}],"about":[{"href":"https:\/\/folin.nu\/blog\/wp-json\/wp\/v2\/types\/post"}],"author":[{"embeddable":true,"href":"https:\/\/folin.nu\/blog\/wp-json\/wp\/v2\/users\/1"}],"replies":[{"embeddable":true,"href":"https:\/\/folin.nu\/blog\/wp-json\/wp\/v2\/comments?post=16"}],"version-history":[{"count":0,"href":"https:\/\/folin.nu\/blog\/wp-json\/wp\/v2\/posts\/16\/revisions"}],"wp:attachment":[{"href":"https:\/\/folin.nu\/blog\/wp-json\/wp\/v2\/media?parent=16"}],"wp:term":[{"taxonomy":"category","embeddable":true,"href":"https:\/\/folin.nu\/blog\/wp-json\/wp\/v2\/categories?post=16"},{"taxonomy":"post_tag","embeddable":true,"href":"https:\/\/folin.nu\/blog\/wp-json\/wp\/v2\/tags?post=16"}],"curies":[{"name":"wp","href":"https:\/\/api.w.org\/{rel}","templated":true}]}}