{"id":17,"date":"2005-09-22T15:22:47","date_gmt":"2005-09-22T13:22:47","guid":{"rendered":"https:\/\/folin.nu\/blog\/?p=17"},"modified":"2005-09-22T15:24:33","modified_gmt":"2005-09-22T13:24:33","slug":"maskeringsforbud","status":"publish","type":"post","link":"https:\/\/folin.nu\/blog\/2005\/09\/22\/maskeringsforbud\/","title":{"rendered":"Maskeringsf\u00f6rbud"},"content":{"rendered":"<p><a href=\"http:\/\/www.svd.se\/dynamiskt\/inrikes\/did_10601427.asp\">Svenska Dagbladet<\/a> har idag en artikel om att regeringen i en proposition (\u00e5terigen) f\u00f6resl\u00e5r maskeringsf\u00f6rbud under demonstrationer i vissa fall. Den n\u00e4st sista meningen fick mig att fundera:<\/p>\n<blockquote><p>F\u00f6rbudet ska inte g\u00e4lla den som t\u00e4cker huvudet av religi\u00f6sa sk\u00e4l.<\/p><\/blockquote>\n<p>Vad h\u00e4nde med likhet inf\u00f6r lagen? Ska religi\u00f6sa s\u00e4rbehandlas? Vad \u00e4r det som hindrar att alla demonstranter (v\u00e5ldsamma s\u00e5v\u00e4l som icke-v\u00e5ldsamma) h\u00e4vdar att de maskerar sig av religi\u00f6sa sk\u00e4l? Ska m\u00e4nniskors religi\u00f6sa \u00f6vertygelse registreras f\u00f6r att kontrollera vilka som har r\u00e4tt att maskera sig?<\/p>\n","protected":false},"excerpt":{"rendered":"<p>Svenska Dagbladet har idag en artikel om att regeringen i en proposition (\u00e5terigen) f\u00f6resl\u00e5r maskeringsf\u00f6rbud under demonstrationer i vissa fall. Den n\u00e4st sista meningen fick mig att fundera: F\u00f6rbudet ska inte g\u00e4lla den som t\u00e4cker huvudet av religi\u00f6sa sk\u00e4l. Vad h\u00e4nde med likhet inf\u00f6r lagen? Ska religi\u00f6sa s\u00e4rbehandlas? Vad \u00e4r det som hindrar att alla &hellip; <a href=\"https:\/\/folin.nu\/blog\/2005\/09\/22\/maskeringsforbud\/\" class=\"more-link\">Forts\u00e4tt l\u00e4sa <span class=\"screen-reader-text\">Maskeringsf\u00f6rbud<\/span> <span class=\"meta-nav\">&rarr;<\/span><\/a><\/p>\n","protected":false},"author":1,"featured_media":0,"comment_status":"open","ping_status":"open","sticky":false,"template":"","format":"standard","meta":{"footnotes":""},"categories":[2],"tags":[],"class_list":["post-17","post","type-post","status-publish","format-standard","hentry","category-politik"],"_links":{"self":[{"href":"https:\/\/folin.nu\/blog\/wp-json\/wp\/v2\/posts\/17","targetHints":{"allow":["GET"]}}],"collection":[{"href":"https:\/\/folin.nu\/blog\/wp-json\/wp\/v2\/posts"}],"about":[{"href":"https:\/\/folin.nu\/blog\/wp-json\/wp\/v2\/types\/post"}],"author":[{"embeddable":true,"href":"https:\/\/folin.nu\/blog\/wp-json\/wp\/v2\/users\/1"}],"replies":[{"embeddable":true,"href":"https:\/\/folin.nu\/blog\/wp-json\/wp\/v2\/comments?post=17"}],"version-history":[{"count":0,"href":"https:\/\/folin.nu\/blog\/wp-json\/wp\/v2\/posts\/17\/revisions"}],"wp:attachment":[{"href":"https:\/\/folin.nu\/blog\/wp-json\/wp\/v2\/media?parent=17"}],"wp:term":[{"taxonomy":"category","embeddable":true,"href":"https:\/\/folin.nu\/blog\/wp-json\/wp\/v2\/categories?post=17"},{"taxonomy":"post_tag","embeddable":true,"href":"https:\/\/folin.nu\/blog\/wp-json\/wp\/v2\/tags?post=17"}],"curies":[{"name":"wp","href":"https:\/\/api.w.org\/{rel}","templated":true}]}}