{"id":178,"date":"2006-08-30T05:42:42","date_gmt":"2006-08-30T05:42:42","guid":{"rendered":"https:\/\/folin.nu\/blog\/2006\/08\/30\/hur-gor-andra\/"},"modified":"2006-08-30T05:42:42","modified_gmt":"2006-08-30T05:42:42","slug":"hur-gor-andra","status":"publish","type":"post","link":"https:\/\/folin.nu\/blog\/2006\/08\/30\/hur-gor-andra\/","title":{"rendered":"Hur g\u00f6r andra?"},"content":{"rendered":"<p>SR Ekot har en notis om att en <a href=\"http:\/\/www.sr.se\/Ekot\/artikel.asp?artikel=927042\">fris\u00f6rsalong har \u00e4ndrat sin priss\u00e4ttning<\/a>. Numera f\u00e5r man ju inte ta olika betalt f\u00f6r m\u00e4n och kvinnor, s\u00e5 om man tar lika mycket betalt f\u00f6r alla klippningar f\u00e5r de ju mindre betalt per timme f\u00f6r klippningar som tar l\u00e5ng tid. S\u00e5 hur i fridens namn har fris\u00f6rsalongen l\u00f6st detta kniviga problem?<br \/>\nJo, genom att ta mer betalt f\u00f6r l\u00e5ngt h\u00e5r \u00e4n kort! Vad genialt! L\u00e5ngt h\u00e5r tar ju generellt sett l\u00e4ngre tid att klippa \u00e4n kort, och d\u00e4rmed blir int\u00e4kterna inte lidande om det bara kommer en massa l\u00e5ngh\u00e5riga m\u00e4nniskor. Ekonomipriset n\u00e4sta \u00e5r?<\/p>\n<p>Fast det var inte den h\u00e4r sidan av saken jag ville ta upp egentligen. Det \u00e4r inte fris\u00f6rsalongens fel att SR tycker det \u00e4r sensationellt att ta olika mycket betalt f\u00f6r olika mycket arbete. H\u00e4r \u00e4r n\u00e5gra tips p\u00e5 andra notiser att skriva n\u00e4r det blir nyhetstorka n\u00e4sta g\u00e5ng:<\/p>\n<ul>\n<li>&#8221;Taxipris enligt l\u00e4ngden p\u00e5 resan&#8221;<\/li>\n<li>&#8221;Matpris enligt livsmedlens vikt&#8221;<\/li>\n<\/ul>\n<p>Andra bloggar om: <a href=\"http:\/\/bloggar.se\/om\/ekot\" rel=\"tag\">ekot<\/a>, <a href=\"http:\/\/bloggar.se\/om\/sr\" rel=\"tag\">sr<\/a>, <a href=\"http:\/\/bloggar.se\/om\/fris%F6rer\" rel=\"tag\">fris\u00f6rer<\/a>, <a href=\"http:\/\/bloggar.se\/om\/ekonomi\" rel=\"tag\">ekonomi<\/a><\/p>\n","protected":false},"excerpt":{"rendered":"<p>SR Ekot har en notis om att en fris\u00f6rsalong har \u00e4ndrat sin priss\u00e4ttning. Numera f\u00e5r man ju inte ta olika betalt f\u00f6r m\u00e4n och kvinnor, s\u00e5 om man tar lika mycket betalt f\u00f6r alla klippningar f\u00e5r de ju mindre betalt per timme f\u00f6r klippningar som tar l\u00e5ng tid. S\u00e5 hur i fridens namn har fris\u00f6rsalongen &hellip; <a href=\"https:\/\/folin.nu\/blog\/2006\/08\/30\/hur-gor-andra\/\" class=\"more-link\">Forts\u00e4tt l\u00e4sa <span class=\"screen-reader-text\">Hur g\u00f6r andra?<\/span> <span class=\"meta-nav\">&rarr;<\/span><\/a><\/p>\n","protected":false},"author":1,"featured_media":0,"comment_status":"open","ping_status":"open","sticky":false,"template":"","format":"standard","meta":{"footnotes":""},"categories":[16,7,4],"tags":[],"class_list":["post-178","post","type-post","status-publish","format-standard","hentry","category-ekonomi","category-markligheter","category-media"],"_links":{"self":[{"href":"https:\/\/folin.nu\/blog\/wp-json\/wp\/v2\/posts\/178","targetHints":{"allow":["GET"]}}],"collection":[{"href":"https:\/\/folin.nu\/blog\/wp-json\/wp\/v2\/posts"}],"about":[{"href":"https:\/\/folin.nu\/blog\/wp-json\/wp\/v2\/types\/post"}],"author":[{"embeddable":true,"href":"https:\/\/folin.nu\/blog\/wp-json\/wp\/v2\/users\/1"}],"replies":[{"embeddable":true,"href":"https:\/\/folin.nu\/blog\/wp-json\/wp\/v2\/comments?post=178"}],"version-history":[{"count":0,"href":"https:\/\/folin.nu\/blog\/wp-json\/wp\/v2\/posts\/178\/revisions"}],"wp:attachment":[{"href":"https:\/\/folin.nu\/blog\/wp-json\/wp\/v2\/media?parent=178"}],"wp:term":[{"taxonomy":"category","embeddable":true,"href":"https:\/\/folin.nu\/blog\/wp-json\/wp\/v2\/categories?post=178"},{"taxonomy":"post_tag","embeddable":true,"href":"https:\/\/folin.nu\/blog\/wp-json\/wp\/v2\/tags?post=178"}],"curies":[{"name":"wp","href":"https:\/\/api.w.org\/{rel}","templated":true}]}}