{"id":191,"date":"2006-09-18T14:37:54","date_gmt":"2006-09-18T14:37:54","guid":{"rendered":"https:\/\/folin.nu\/blog\/2006\/09\/18\/toknazism-hela-dan\/"},"modified":"2006-09-18T14:37:54","modified_gmt":"2006-09-18T14:37:54","slug":"toknazism-hela-dan","status":"publish","type":"post","link":"https:\/\/folin.nu\/blog\/2006\/09\/18\/toknazism-hela-dan\/","title":{"rendered":"Toknazism hela dan"},"content":{"rendered":"<p>Jag roar mig lite med att kolla p\u00e5 den \u00e4nnu ganska lilla lista med <a href=\"http:\/\/www.val.se\/val\/val2006\/slutlig_ovrigt\/handskrivet\/R\/index.html\">handskrivna partibeteckningar<\/a>. Det \u00e4r bara n\u00e5gra distrikt i G\u00f6teborg och n\u00e5gra f\u00e5 andra st\u00e4llen som har hunnit rapportera \u00e4n s\u00e5 l\u00e4nge. Olika partibeteckningar med Kalle Anka och hans v\u00e4nner eller Tomten i namnet har f\u00e5tt ett par r\u00f6ster, precis som lite kommunistpartier. Det som l\u00e5ter intressantast \u00e4r dock <em><a href=\"http:\/\/www.google.se\/search?hl=sv&#038;q=Toknazism+hela+dan&#038;btnG=S%C3%B6k&#038;meta=\">Toknazism hela dan-partiet<\/a><\/em> och <em><a href=\"http:\/\/www.google.se\/search?hl=sv&#038;q=%C3%84r+sk%C3%B6nt+att+f%C3%B6rlisa+partiet&#038;btnG=S%C3%B6k&#038;meta=\">\u00c4r sk\u00f6nt att f\u00f6rlisa-partiet<\/a><\/em>.<br \/>\nEn lista p\u00e5 partibeteckningar fr\u00e5n valet -94 kan man hitta hos <a href=\"http:\/\/www.flashback.se\/magazine\/showarticle.php?id=49\">Flashback<\/a>.<\/p>\n<p>Andra bloggar om: <a href=\"http:\/\/bloggar.se\/om\/toknazism\" rel=\"tag\">toknazism<\/a>, <a href=\"http:\/\/bloggar.se\/om\/partier\" rel=\"tag\">partier<\/a>, <a href=\"http:\/\/bloggar.se\/om\/val2006\" rel=\"tag\">val2006<\/a>, <a href=\"http:\/\/bloggar.se\/om\/f%F6rlisa\" rel=\"tag\">f\u00f6rlisa<\/a>, <a href=\"http:\/\/bloggar.se\/om\/flashback\" rel=\"tag\">flashback<\/a><\/p>\n","protected":false},"excerpt":{"rendered":"<p>Jag roar mig lite med att kolla p\u00e5 den \u00e4nnu ganska lilla lista med handskrivna partibeteckningar. Det \u00e4r bara n\u00e5gra distrikt i G\u00f6teborg och n\u00e5gra f\u00e5 andra st\u00e4llen som har hunnit rapportera \u00e4n s\u00e5 l\u00e4nge. Olika partibeteckningar med Kalle Anka och hans v\u00e4nner eller Tomten i namnet har f\u00e5tt ett par r\u00f6ster, precis som lite &hellip; <a href=\"https:\/\/folin.nu\/blog\/2006\/09\/18\/toknazism-hela-dan\/\" class=\"more-link\">Forts\u00e4tt l\u00e4sa <span class=\"screen-reader-text\">Toknazism hela dan<\/span> <span class=\"meta-nav\">&rarr;<\/span><\/a><\/p>\n","protected":false},"author":1,"featured_media":0,"comment_status":"open","ping_status":"open","sticky":false,"template":"","format":"standard","meta":{"footnotes":""},"categories":[11,2],"tags":[],"class_list":["post-191","post","type-post","status-publish","format-standard","hentry","category-kul","category-politik"],"_links":{"self":[{"href":"https:\/\/folin.nu\/blog\/wp-json\/wp\/v2\/posts\/191","targetHints":{"allow":["GET"]}}],"collection":[{"href":"https:\/\/folin.nu\/blog\/wp-json\/wp\/v2\/posts"}],"about":[{"href":"https:\/\/folin.nu\/blog\/wp-json\/wp\/v2\/types\/post"}],"author":[{"embeddable":true,"href":"https:\/\/folin.nu\/blog\/wp-json\/wp\/v2\/users\/1"}],"replies":[{"embeddable":true,"href":"https:\/\/folin.nu\/blog\/wp-json\/wp\/v2\/comments?post=191"}],"version-history":[{"count":0,"href":"https:\/\/folin.nu\/blog\/wp-json\/wp\/v2\/posts\/191\/revisions"}],"wp:attachment":[{"href":"https:\/\/folin.nu\/blog\/wp-json\/wp\/v2\/media?parent=191"}],"wp:term":[{"taxonomy":"category","embeddable":true,"href":"https:\/\/folin.nu\/blog\/wp-json\/wp\/v2\/categories?post=191"},{"taxonomy":"post_tag","embeddable":true,"href":"https:\/\/folin.nu\/blog\/wp-json\/wp\/v2\/tags?post=191"}],"curies":[{"name":"wp","href":"https:\/\/api.w.org\/{rel}","templated":true}]}}