{"id":203,"date":"2006-10-31T13:50:00","date_gmt":"2006-10-31T11:50:00","guid":{"rendered":"https:\/\/folin.nu\/blog\/2006\/10\/31\/du-smiter-fran-tv-avgiften\/"},"modified":"2006-10-31T13:50:00","modified_gmt":"2006-10-31T11:50:00","slug":"du-smiter-fran-tv-avgiften","status":"publish","type":"post","link":"https:\/\/folin.nu\/blog\/2006\/10\/31\/du-smiter-fran-tv-avgiften\/","title":{"rendered":"Du smiter fr\u00e5n tv-avgiften"},"content":{"rendered":"<blockquote><p>&#8221;Jag tycker att det \u00e4r ok, godtagbart, rentav bra (hur forts\u00e4tter serien?) att vi har en reklamfri och oberoende journalistik. Den m\u00e5ste betalas och d\u00e4rmed tycker jag att det \u00e4r rimligt att de som har apparaturer f\u00f6r att ta emot denna tj\u00e4nst \u00e4r med och betalar.<\/p>\n<p>Du [jag, min anm] d\u00e4remot undviker en annan fr\u00e5ga som jag st\u00e4llt i en annan tr\u00e5d: om det \u00e4r omoraliskt att ta del av n\u00e5got man inte har betalat f\u00f6r, inneb\u00e4r det att du inte tittar p\u00e5 SVT p\u00e5 din tv eller lyssnar p\u00e5 SR p\u00e5 din radio hemma?&#8221;<\/p><\/blockquote>\n<p>S\u00e5 skrev en radiokollega i en diskussionstr\u00e5d p\u00e5 v\u00e5rt <a href=\"http:\/\/linus.af.lu.se\">interna n\u00e4tverk<\/a> (sigge:sigge funkar inte) f\u00f6r n\u00e5gra dagar sedan. Han f\u00f6rvr\u00e4ngde det jag skrev (&#8221;man ska inte stj\u00e4la&#8221; \u00e4r inte samma sak som &#8221;ta del av n\u00e5got man inte har betalat f\u00f6r&#8221;) men det \u00e4r inte det jag vill ta upp h\u00e4r.<br \/>\nDet jag d\u00e4remot vill ta upp \u00e4r inst\u00e4llningen att det skulle vara omoraliskt att anv\u00e4nda n\u00e5gon form av elektronik f\u00f6r att samla in och bearbeta (i det h\u00e4r fallet dessutom okrypterade) signaler som transporteras genom luften. De elektromagnetiska v\u00e5gorna p\u00e5verkar oss och v\u00e5ra elektroniska apparater vare sig vi vill det eller ej. Det \u00e4r den lite mer teoretiska fr\u00e5gest\u00e4llningen.<\/p>\n<p>Detta f\u00e5r \u00e4ven praktiska konsekvenser. <a href=\"http:\/\/sv.wikipedia.org\/wiki\/TV-licens\">Flera av v\u00e5ra grannl\u00e4nder<\/a> har ocks\u00e5 tv-licens. Om det \u00e4r omoraliskt att ta in okodade tv-kanaler utan att betala f\u00f6r det s\u00e5 borde de som bor i n\u00e4rheten av v\u00e5r gr\u00e4ns mot dessa l\u00e4nder betala tv-licens \u00e4ven f\u00f6r de signaler de f\u00e5r d\u00e4rifr\u00e5n. De danska licensbetalarna bekostar till exempel sk\u00e5ningarnas kostnadsfria tv-tittande p\u00e5 DR1 och DR2. Och f\u00f6rresten: det spelar v\u00e4l ingen roll om man tittar p\u00e5 de danska kanalerna eller ej. Man har ju m\u00f6jlighet att g\u00f6ra det och det \u00e4r ju f\u00f6r <em>m\u00f6jligheten<\/em> att titta p\u00e5 public service-kanaler som man betalar tv-avgiften.<\/p>\n<p><a href=\"http:\/\/intressant.se\/intressant\">intressant?<\/a><br \/>\nAndra bloggar om: <a href=\"http:\/\/bloggar.se\/om\/tv-avgift\" rel=\"tag\">tv-avgift<\/a>, <a href=\"http:\/\/bloggar.se\/om\/tv-licens\" rel=\"tag\">tv-licens<\/a>, <a href=\"http:\/\/bloggar.se\/om\/public+service\" rel=\"tag\">public service<\/a>, <a href=\"http:\/\/bloggar.se\/om\/elektromagnetiska+v%E5gor\" rel=\"tag\">elektromagnetiska v\u00e5gor<\/a>, <a href=\"http:\/\/bloggar.se\/om\/tv\" rel=\"tag\">tv<\/a><\/p>\n","protected":false},"excerpt":{"rendered":"<p>&#8221;Jag tycker att det \u00e4r ok, godtagbart, rentav bra (hur forts\u00e4tter serien?) att vi har en reklamfri och oberoende journalistik. Den m\u00e5ste betalas och d\u00e4rmed tycker jag att det \u00e4r rimligt att de som har apparaturer f\u00f6r att ta emot denna tj\u00e4nst \u00e4r med och betalar. Du [jag, min anm] d\u00e4remot undviker en annan fr\u00e5ga &hellip; <a href=\"https:\/\/folin.nu\/blog\/2006\/10\/31\/du-smiter-fran-tv-avgiften\/\" class=\"more-link\">Forts\u00e4tt l\u00e4sa <span class=\"screen-reader-text\">Du smiter fr\u00e5n tv-avgiften<\/span> <span class=\"meta-nav\">&rarr;<\/span><\/a><\/p>\n","protected":false},"author":1,"featured_media":0,"comment_status":"open","ping_status":"open","sticky":false,"template":"","format":"standard","meta":{"footnotes":""},"categories":[8,20,2],"tags":[],"class_list":["post-203","post","type-post","status-publish","format-standard","hentry","category-juridik","category-kultur","category-politik"],"_links":{"self":[{"href":"https:\/\/folin.nu\/blog\/wp-json\/wp\/v2\/posts\/203","targetHints":{"allow":["GET"]}}],"collection":[{"href":"https:\/\/folin.nu\/blog\/wp-json\/wp\/v2\/posts"}],"about":[{"href":"https:\/\/folin.nu\/blog\/wp-json\/wp\/v2\/types\/post"}],"author":[{"embeddable":true,"href":"https:\/\/folin.nu\/blog\/wp-json\/wp\/v2\/users\/1"}],"replies":[{"embeddable":true,"href":"https:\/\/folin.nu\/blog\/wp-json\/wp\/v2\/comments?post=203"}],"version-history":[{"count":0,"href":"https:\/\/folin.nu\/blog\/wp-json\/wp\/v2\/posts\/203\/revisions"}],"wp:attachment":[{"href":"https:\/\/folin.nu\/blog\/wp-json\/wp\/v2\/media?parent=203"}],"wp:term":[{"taxonomy":"category","embeddable":true,"href":"https:\/\/folin.nu\/blog\/wp-json\/wp\/v2\/categories?post=203"},{"taxonomy":"post_tag","embeddable":true,"href":"https:\/\/folin.nu\/blog\/wp-json\/wp\/v2\/tags?post=203"}],"curies":[{"name":"wp","href":"https:\/\/api.w.org\/{rel}","templated":true}]}}