{"id":214,"date":"2007-01-02T13:01:15","date_gmt":"2007-01-02T12:01:15","guid":{"rendered":"https:\/\/folin.nu\/blog\/2007\/01\/02\/liberalt-med-forbud\/"},"modified":"2007-01-02T13:04:01","modified_gmt":"2007-01-02T12:04:01","slug":"liberalt-med-forbud","status":"publish","type":"post","link":"https:\/\/folin.nu\/blog\/2007\/01\/02\/liberalt-med-forbud\/","title":{"rendered":"Liberalt med f\u00f6rbud"},"content":{"rendered":"<p>Tv\u00e5 folkpartister, <a href=\"http:\/\/en.wikipedia.org\/wiki\/Eva_Braun\">Ewa Bertz<\/a> och <a href=\"http:\/\/en.wikipedia.org\/wiki\/Michael_Wittmann\">Allan Widman<\/a> har best\u00e4mt sig f\u00f6r att f\u00f6rbud \u00e4r liberalt. De vill, som folkvalda representanter f\u00f6r ett parti med &#8221;<a href=\"http:\/\/www.liberal.se\/\">Liberalerna<\/a>&#8221; i namnet, <a href=\"http:\/\/www.svd.se\/dynamiskt\/inrikes\/did_14352564.asp\">f\u00f6rbjuda andra spr\u00e5k \u00e4n svenska<\/a> i klassrummen i skolorna. &#8221;I Sverige pratar vi svenska och det ska barn l\u00e4ra sig fr\u00e5n b\u00f6rjan&#8221;, s\u00e4ger Eva Braun. Enligt folkpartisterna \u00e4r Malm\u00f6 speciellt, med v\u00e4ldigt m\u00e5nga ungdomar med annat modersm\u00e5l \u00e4n svenska och d\u00e4rf\u00f6r hoppas man att f\u00f6rbudet ska hamna i Malm\u00f6 stads skolplan. Men riksdagsledamoten Wittmann ska ta upp det med sina riksdagskamrater efter julledigheten. &#8221;Det finns nog flera <a href=\"http:\/\/en.wikipedia.org\/wiki\/Adolf_Hitler\">politiker<\/a> som tycker att det h\u00e4r \u00e4r en bra id\u00e9&#8221;, s\u00e4ger Wittmann.<br \/>\nOm man ska kunna l\u00e4ra sig n\u00e5gonting i skolan beh\u00f6vs det <a href=\"http:\/\/en.wikipedia.org\/wiki\/Godwin%27s_Law\">lebensraum<\/a>.<\/p>\n<p><a href=\"http:\/\/intressant.se\/intressant\">Intressant.se<\/a><br \/>\nAndra bloggar om: <a href=\"http:\/\/bloggar.se\/om\/liberalism\" rel=\"tag\">liberalism<\/a>, <a href=\"http:\/\/bloggar.se\/om\/utbildning\" rel=\"tag\">utbildning<\/a>, <a href=\"http:\/\/bloggar.se\/om\/folkpartiet\" rel=\"tag\">folkpartiet<\/a>, <a href=\"http:\/\/bloggar.se\/om\/die+volkpartei\" rel=\"tag\">die volkpartei<\/a>, <a href=\"http:\/\/bloggar.se\/om\/godwins+lag\" rel=\"tag\">godwins lag<\/a>, <a href=\"http:\/\/bloggar.se\/om\/f%F6rbud\" rel=\"tag\">f\u00f6rbud<\/a><\/p>\n","protected":false},"excerpt":{"rendered":"<p>Tv\u00e5 folkpartister, Ewa Bertz och Allan Widman har best\u00e4mt sig f\u00f6r att f\u00f6rbud \u00e4r liberalt. De vill, som folkvalda representanter f\u00f6r ett parti med &#8221;Liberalerna&#8221; i namnet, f\u00f6rbjuda andra spr\u00e5k \u00e4n svenska i klassrummen i skolorna. &#8221;I Sverige pratar vi svenska och det ska barn l\u00e4ra sig fr\u00e5n b\u00f6rjan&#8221;, s\u00e4ger Eva Braun. Enligt folkpartisterna \u00e4r &hellip; <a href=\"https:\/\/folin.nu\/blog\/2007\/01\/02\/liberalt-med-forbud\/\" class=\"more-link\">Forts\u00e4tt l\u00e4sa <span class=\"screen-reader-text\">Liberalt med f\u00f6rbud<\/span> <span class=\"meta-nav\">&rarr;<\/span><\/a><\/p>\n","protected":false},"author":1,"featured_media":0,"comment_status":"open","ping_status":"open","sticky":false,"template":"","format":"standard","meta":{"footnotes":""},"categories":[17,7,2],"tags":[],"class_list":["post-214","post","type-post","status-publish","format-standard","hentry","category-inrikes","category-markligheter","category-politik"],"_links":{"self":[{"href":"https:\/\/folin.nu\/blog\/wp-json\/wp\/v2\/posts\/214","targetHints":{"allow":["GET"]}}],"collection":[{"href":"https:\/\/folin.nu\/blog\/wp-json\/wp\/v2\/posts"}],"about":[{"href":"https:\/\/folin.nu\/blog\/wp-json\/wp\/v2\/types\/post"}],"author":[{"embeddable":true,"href":"https:\/\/folin.nu\/blog\/wp-json\/wp\/v2\/users\/1"}],"replies":[{"embeddable":true,"href":"https:\/\/folin.nu\/blog\/wp-json\/wp\/v2\/comments?post=214"}],"version-history":[{"count":0,"href":"https:\/\/folin.nu\/blog\/wp-json\/wp\/v2\/posts\/214\/revisions"}],"wp:attachment":[{"href":"https:\/\/folin.nu\/blog\/wp-json\/wp\/v2\/media?parent=214"}],"wp:term":[{"taxonomy":"category","embeddable":true,"href":"https:\/\/folin.nu\/blog\/wp-json\/wp\/v2\/categories?post=214"},{"taxonomy":"post_tag","embeddable":true,"href":"https:\/\/folin.nu\/blog\/wp-json\/wp\/v2\/tags?post=214"}],"curies":[{"name":"wp","href":"https:\/\/api.w.org\/{rel}","templated":true}]}}