{"id":227,"date":"2007-02-10T10:36:04","date_gmt":"2007-02-10T09:36:04","guid":{"rendered":"https:\/\/folin.nu\/blog\/2007\/02\/10\/humor-i-verkligheten\/"},"modified":"2007-02-10T10:36:04","modified_gmt":"2007-02-10T09:36:04","slug":"humor-i-verkligheten","status":"publish","type":"post","link":"https:\/\/folin.nu\/blog\/2007\/02\/10\/humor-i-verkligheten\/","title":{"rendered":"Humor i verkligheten"},"content":{"rendered":"<p>V\u00e4nsterpartiet <a href=\"http:\/\/www.dn.se\/DNet\/jsp\/polopoly.jsp?d=1042&#038;a=616050&#038;rss=1042\">vill inte f\u00f6lja turordningsreglerna<\/a> i LAS n\u00e4r partikansliet beh\u00f6ver s\u00e4ga upp personal. Man verkar n\u00e4mligen ha kommit till insikt om att de som kommer f\u00e5 beh\u00e5lla jobbet inte \u00e4r de som \u00e4r b\u00e4st p\u00e5 att sk\u00f6ta det.<\/p>\n<blockquote><p>Och f\u00f6ljs &#8221;sist in, f\u00f6rst ut&#8221; blir det kansliet inte maximalt effektivt, befarar arbetsgivaren v.<\/p><\/blockquote>\n<p>Om f\u00f6rhandlingarna med facket inte g\u00e5r som man t\u00e4nkt s\u00e5 kanske v kan vara med och g\u00f6ra f\u00f6r\u00e4ndringar i LAS tillsammans med s (<a href=\"http:\/\/www.svd.se\/dynamiskt\/inrikes\/did_14154839.asp\">som ju har gjort precis samma sak<\/a>) och de borgerliga partierna. Det \u00e4r v\u00e4l bara moderaterna som tycker att LAS funkar bra numera.<\/p>\n<p>Andra bloggar om: <a href=\"http:\/\/bloggar.se\/om\/las\" rel=\"tag\">las<\/a>, <a href=\"http:\/\/bloggar.se\/om\/v%E4nsterpartiet\" rel=\"tag\">v\u00e4nsterpartiet<\/a>, <a href=\"http:\/\/bloggar.se\/om\/humor\" rel=\"tag\">humor<\/a>, <a href=\"http:\/\/bloggar.se\/om\/arbetsmarknad\" rel=\"tag\">arbetsmarknad<\/a><\/p>\n","protected":false},"excerpt":{"rendered":"<p>V\u00e4nsterpartiet vill inte f\u00f6lja turordningsreglerna i LAS n\u00e4r partikansliet beh\u00f6ver s\u00e4ga upp personal. Man verkar n\u00e4mligen ha kommit till insikt om att de som kommer f\u00e5 beh\u00e5lla jobbet inte \u00e4r de som \u00e4r b\u00e4st p\u00e5 att sk\u00f6ta det. Och f\u00f6ljs &#8221;sist in, f\u00f6rst ut&#8221; blir det kansliet inte maximalt effektivt, befarar arbetsgivaren v. Om f\u00f6rhandlingarna &hellip; <a href=\"https:\/\/folin.nu\/blog\/2007\/02\/10\/humor-i-verkligheten\/\" class=\"more-link\">Forts\u00e4tt l\u00e4sa <span class=\"screen-reader-text\">Humor i verkligheten<\/span> <span class=\"meta-nav\">&rarr;<\/span><\/a><\/p>\n","protected":false},"author":1,"featured_media":0,"comment_status":"open","ping_status":"open","sticky":false,"template":"","format":"standard","meta":{"footnotes":""},"categories":[17,11,7,2],"tags":[],"class_list":["post-227","post","type-post","status-publish","format-standard","hentry","category-inrikes","category-kul","category-markligheter","category-politik"],"_links":{"self":[{"href":"https:\/\/folin.nu\/blog\/wp-json\/wp\/v2\/posts\/227","targetHints":{"allow":["GET"]}}],"collection":[{"href":"https:\/\/folin.nu\/blog\/wp-json\/wp\/v2\/posts"}],"about":[{"href":"https:\/\/folin.nu\/blog\/wp-json\/wp\/v2\/types\/post"}],"author":[{"embeddable":true,"href":"https:\/\/folin.nu\/blog\/wp-json\/wp\/v2\/users\/1"}],"replies":[{"embeddable":true,"href":"https:\/\/folin.nu\/blog\/wp-json\/wp\/v2\/comments?post=227"}],"version-history":[{"count":0,"href":"https:\/\/folin.nu\/blog\/wp-json\/wp\/v2\/posts\/227\/revisions"}],"wp:attachment":[{"href":"https:\/\/folin.nu\/blog\/wp-json\/wp\/v2\/media?parent=227"}],"wp:term":[{"taxonomy":"category","embeddable":true,"href":"https:\/\/folin.nu\/blog\/wp-json\/wp\/v2\/categories?post=227"},{"taxonomy":"post_tag","embeddable":true,"href":"https:\/\/folin.nu\/blog\/wp-json\/wp\/v2\/tags?post=227"}],"curies":[{"name":"wp","href":"https:\/\/api.w.org\/{rel}","templated":true}]}}