{"id":238,"date":"2007-03-15T11:18:19","date_gmt":"2007-03-15T10:18:19","guid":{"rendered":"https:\/\/folin.nu\/blog\/2007\/03\/15\/dag-2\/"},"modified":"2007-03-15T11:18:19","modified_gmt":"2007-03-15T10:18:19","slug":"dag-2","status":"publish","type":"post","link":"https:\/\/folin.nu\/blog\/2007\/03\/15\/dag-2\/","title":{"rendered":"Dag 2"},"content":{"rendered":"<p>PM Nilsson p\u00e5 Expressen hade i f\u00f6rrg\u00e5r en l\u00e5ng harang ang\u00e5ende mitt engagemang som f\u00f6rs\u00f6ksperson. Men s\u00e4rdeles m\u00e5nga r\u00e4tt blev det inte.<\/p>\n<p>Det \u00e4r ingenting onormalt med den ers\u00e4ttning som utg\u00e5r, det \u00e4r helt enkelt l\u00f6n f\u00f6r det arbete jag har lagt ner. Jag \u00e4r inte den f\u00f6rsta som f\u00e5r ers\u00e4ttning p\u00e5 detta s\u00e4tt och definitivt inte den sista heller.<\/p>\n<p>I dag tar PM Nilsson tillbaka det mesta som Expressen yttrat i \u00e4rendet. Gott s\u00e5.<\/p>\n<p>Men: man f\u00e5r ett intryck av att PM Nilsson nu f\u00f6rs\u00f6ker att s\u00e4ga att \u00e4ven om det kanske inte var en h\u00f6na s\u00e5 fanns det nog i alla fall en fj\u00e4der.<\/p>\n<p>Men Expressens problem \u00e4r att det faktiskt inte ens finns en fj\u00e4der\u2026<\/p>\n<p>Det p\u00e5st\u00e5s att Expressen i r\u00e4tteg\u00e5ngen efter sin kampanj med felaktiga uppgifter mot Mikael Persbrandt f\u00f6rs\u00f6kte f\u00f6rklara sig med att \u201cdet kunde ha varit sant.\u201d<\/p>\n<p>F\u00f6rklaringen underk\u00e4ndes. N\u00e5gon ordning f\u00e5r det ju vara.<\/p>\n","protected":false},"excerpt":{"rendered":"<p>PM Nilsson p\u00e5 Expressen hade i f\u00f6rrg\u00e5r en l\u00e5ng harang ang\u00e5ende mitt engagemang som f\u00f6rs\u00f6ksperson. Men s\u00e4rdeles m\u00e5nga r\u00e4tt blev det inte. Det \u00e4r ingenting onormalt med den ers\u00e4ttning som utg\u00e5r, det \u00e4r helt enkelt l\u00f6n f\u00f6r det arbete jag har lagt ner. Jag \u00e4r inte den f\u00f6rsta som f\u00e5r ers\u00e4ttning p\u00e5 detta s\u00e4tt och &hellip; <a href=\"https:\/\/folin.nu\/blog\/2007\/03\/15\/dag-2\/\" class=\"more-link\">Forts\u00e4tt l\u00e4sa <span class=\"screen-reader-text\">Dag 2<\/span> <span class=\"meta-nav\">&rarr;<\/span><\/a><\/p>\n","protected":false},"author":1,"featured_media":0,"comment_status":"open","ping_status":"open","sticky":false,"template":"","format":"standard","meta":{"footnotes":""},"categories":[6],"tags":[],"class_list":["post-238","post","type-post","status-publish","format-standard","hentry","category-personligt"],"_links":{"self":[{"href":"https:\/\/folin.nu\/blog\/wp-json\/wp\/v2\/posts\/238","targetHints":{"allow":["GET"]}}],"collection":[{"href":"https:\/\/folin.nu\/blog\/wp-json\/wp\/v2\/posts"}],"about":[{"href":"https:\/\/folin.nu\/blog\/wp-json\/wp\/v2\/types\/post"}],"author":[{"embeddable":true,"href":"https:\/\/folin.nu\/blog\/wp-json\/wp\/v2\/users\/1"}],"replies":[{"embeddable":true,"href":"https:\/\/folin.nu\/blog\/wp-json\/wp\/v2\/comments?post=238"}],"version-history":[{"count":0,"href":"https:\/\/folin.nu\/blog\/wp-json\/wp\/v2\/posts\/238\/revisions"}],"wp:attachment":[{"href":"https:\/\/folin.nu\/blog\/wp-json\/wp\/v2\/media?parent=238"}],"wp:term":[{"taxonomy":"category","embeddable":true,"href":"https:\/\/folin.nu\/blog\/wp-json\/wp\/v2\/categories?post=238"},{"taxonomy":"post_tag","embeddable":true,"href":"https:\/\/folin.nu\/blog\/wp-json\/wp\/v2\/tags?post=238"}],"curies":[{"name":"wp","href":"https:\/\/api.w.org\/{rel}","templated":true}]}}