{"id":239,"date":"2007-03-14T21:45:15","date_gmt":"2007-03-14T20:45:15","guid":{"rendered":"https:\/\/folin.nu\/blog\/2007\/03\/14\/rajraj-smiskar-berit-andnor\/"},"modified":"2007-03-14T21:45:15","modified_gmt":"2007-03-14T20:45:15","slug":"rajraj-smiskar-berit-andnor","status":"publish","type":"post","link":"https:\/\/folin.nu\/blog\/2007\/03\/14\/rajraj-smiskar-berit-andnor\/","title":{"rendered":"Rajraj smiskar Berit Andnor"},"content":{"rendered":"<p>Fr\u00e5n <a href=\"http:\/\/www.riksdagen.se\/webbnav\/index.aspx?nid=101&#038;bet=2006\/07:73#{90C66CD4-AE18-453F-BE65-07CCD02F8BBC}\">Riksdagens protokoll<\/a>.<\/p>\n<p>Fredrik Reinfeldt:<br \/>\n&#8221;[&#8230;] N\u00e4r jag l\u00e4ser upp det svar som P\u00e4r Nuder gav till Per Bill \u2013 det var n\u00e4mligen P\u00e4r Nuder som fick svara p\u00e5 interpellationen \u2013 och det \u00e4r fr\u00e5ga om n\u00e4ra nog ordagranna formuleringar om att det inte \u00e4r det enskilda statsr\u00e5dets svar som spelar roll utan det \u00e4r fr\u00e5ga om ett kollektivt beslutsfattande, d\u00e5 kallar Berit Andnor det bef\u00e4ngt. Du tycker att P\u00e4r Nuders svar till Per Bill var bef\u00e4ngt. Det var det syns\u00e4tt som den socialdemokratiska regeringen anv\u00e4nde f\u00f6r att f\u00f6rklara varf\u00f6r G\u00f6ran Persson l\u00e4mnade \u00f6ver 117 interpellationer p\u00e5 andra statsr\u00e5d. Jag har svarat p\u00e5 2 av 12. Berit Andnor f\u00f6rs\u00f6ker g\u00f6ra en po\u00e4ng av att jag har stora problem med att svara f\u00f6r mitt agerande. Jag tror att du \u00e4r ensam i hela Sverige om att inte se kopplingen till att det visst spelar roll hur G\u00f6ran Persson har behandlat detta tidigare och att det aldrig bekymrade socialdemokratin vid ett enda tillf\u00e4lle.&#8221;<\/p>\n<p>Andra bloggar om: <a href=\"http:\/\/bloggar.se\/om\/pwnage\" rel=\"tag\">pwnage<\/a>, <a href=\"http:\/\/bloggar.se\/om\/berit+andnor\" rel=\"tag\">berit andnor<\/a>, <a href=\"http:\/\/bloggar.se\/om\/interpellationer\" rel=\"tag\">interpellationer<\/a>, <a href=\"http:\/\/bloggar.se\/om\/fredrik+reinfeldt\" rel=\"tag\">fredrik reinfeldt<\/a><\/p>\n","protected":false},"excerpt":{"rendered":"<p>Fr\u00e5n Riksdagens protokoll. Fredrik Reinfeldt: &#8221;[&#8230;] N\u00e4r jag l\u00e4ser upp det svar som P\u00e4r Nuder gav till Per Bill \u2013 det var n\u00e4mligen P\u00e4r Nuder som fick svara p\u00e5 interpellationen \u2013 och det \u00e4r fr\u00e5ga om n\u00e4ra nog ordagranna formuleringar om att det inte \u00e4r det enskilda statsr\u00e5dets svar som spelar roll utan det \u00e4r &hellip; <a href=\"https:\/\/folin.nu\/blog\/2007\/03\/14\/rajraj-smiskar-berit-andnor\/\" class=\"more-link\">Forts\u00e4tt l\u00e4sa <span class=\"screen-reader-text\">Rajraj smiskar Berit Andnor<\/span> <span class=\"meta-nav\">&rarr;<\/span><\/a><\/p>\n","protected":false},"author":1,"featured_media":0,"comment_status":"open","ping_status":"open","sticky":false,"template":"","format":"standard","meta":{"footnotes":""},"categories":[11,2],"tags":[],"class_list":["post-239","post","type-post","status-publish","format-standard","hentry","category-kul","category-politik"],"_links":{"self":[{"href":"https:\/\/folin.nu\/blog\/wp-json\/wp\/v2\/posts\/239","targetHints":{"allow":["GET"]}}],"collection":[{"href":"https:\/\/folin.nu\/blog\/wp-json\/wp\/v2\/posts"}],"about":[{"href":"https:\/\/folin.nu\/blog\/wp-json\/wp\/v2\/types\/post"}],"author":[{"embeddable":true,"href":"https:\/\/folin.nu\/blog\/wp-json\/wp\/v2\/users\/1"}],"replies":[{"embeddable":true,"href":"https:\/\/folin.nu\/blog\/wp-json\/wp\/v2\/comments?post=239"}],"version-history":[{"count":0,"href":"https:\/\/folin.nu\/blog\/wp-json\/wp\/v2\/posts\/239\/revisions"}],"wp:attachment":[{"href":"https:\/\/folin.nu\/blog\/wp-json\/wp\/v2\/media?parent=239"}],"wp:term":[{"taxonomy":"category","embeddable":true,"href":"https:\/\/folin.nu\/blog\/wp-json\/wp\/v2\/categories?post=239"},{"taxonomy":"post_tag","embeddable":true,"href":"https:\/\/folin.nu\/blog\/wp-json\/wp\/v2\/tags?post=239"}],"curies":[{"name":"wp","href":"https:\/\/api.w.org\/{rel}","templated":true}]}}