{"id":242,"date":"2007-03-17T22:40:35","date_gmt":"2007-03-17T21:40:35","guid":{"rendered":"https:\/\/folin.nu\/blog\/2007\/03\/17\/dag-4\/"},"modified":"2007-03-17T22:40:35","modified_gmt":"2007-03-17T21:40:35","slug":"dag-4","status":"publish","type":"post","link":"https:\/\/folin.nu\/blog\/2007\/03\/17\/dag-4\/","title":{"rendered":"Dag 4"},"content":{"rendered":"<p><strong>LUND.<\/strong> Ett stort l\u00e4kemedelsf\u00f6retag i Lund har kidnappat nio unga m\u00e4n och hotar att tvinga i dem ett opr\u00f6vat l\u00e4kemedel.<\/p>\n<p>Det var i tisdags som de unga m\u00e4nnen kidnappades av representanter f\u00f6r det aktade l\u00e4kemedelsf\u00f6retaget n\u00e4r de var p\u00e5 studiebes\u00f6k f\u00f6r att l\u00e4ra sig mer om f\u00f6retagets verksamhet. Inga krav har framf\u00f6rts till polisen eller m\u00e4nnens anh\u00f6riga, och polisen \u00e4r \u00e4nnu f\u00f6rtegen om hur utredningsarbetet fortskrider.<\/p>\n<p>&#8221;Vi har en dialog med f\u00f6retagets ledning, men jag kan i nul\u00e4get inte kommentera vad som framkommit&#8221; s\u00e4ger Eva-Lena \u00d6stfors, pressansvarig f\u00f6r polisen i Sk\u00e5ne. <strong>TT<\/strong><\/p>\n","protected":false},"excerpt":{"rendered":"<p>LUND. Ett stort l\u00e4kemedelsf\u00f6retag i Lund har kidnappat nio unga m\u00e4n och hotar att tvinga i dem ett opr\u00f6vat l\u00e4kemedel. Det var i tisdags som de unga m\u00e4nnen kidnappades av representanter f\u00f6r det aktade l\u00e4kemedelsf\u00f6retaget n\u00e4r de var p\u00e5 studiebes\u00f6k f\u00f6r att l\u00e4ra sig mer om f\u00f6retagets verksamhet. Inga krav har framf\u00f6rts till polisen eller &hellip; <a href=\"https:\/\/folin.nu\/blog\/2007\/03\/17\/dag-4\/\" class=\"more-link\">Forts\u00e4tt l\u00e4sa <span class=\"screen-reader-text\">Dag 4<\/span> <span class=\"meta-nav\">&rarr;<\/span><\/a><\/p>\n","protected":false},"author":1,"featured_media":0,"comment_status":"open","ping_status":"open","sticky":false,"template":"","format":"standard","meta":{"footnotes":""},"categories":[6],"tags":[],"class_list":["post-242","post","type-post","status-publish","format-standard","hentry","category-personligt"],"_links":{"self":[{"href":"https:\/\/folin.nu\/blog\/wp-json\/wp\/v2\/posts\/242","targetHints":{"allow":["GET"]}}],"collection":[{"href":"https:\/\/folin.nu\/blog\/wp-json\/wp\/v2\/posts"}],"about":[{"href":"https:\/\/folin.nu\/blog\/wp-json\/wp\/v2\/types\/post"}],"author":[{"embeddable":true,"href":"https:\/\/folin.nu\/blog\/wp-json\/wp\/v2\/users\/1"}],"replies":[{"embeddable":true,"href":"https:\/\/folin.nu\/blog\/wp-json\/wp\/v2\/comments?post=242"}],"version-history":[{"count":0,"href":"https:\/\/folin.nu\/blog\/wp-json\/wp\/v2\/posts\/242\/revisions"}],"wp:attachment":[{"href":"https:\/\/folin.nu\/blog\/wp-json\/wp\/v2\/media?parent=242"}],"wp:term":[{"taxonomy":"category","embeddable":true,"href":"https:\/\/folin.nu\/blog\/wp-json\/wp\/v2\/categories?post=242"},{"taxonomy":"post_tag","embeddable":true,"href":"https:\/\/folin.nu\/blog\/wp-json\/wp\/v2\/tags?post=242"}],"curies":[{"name":"wp","href":"https:\/\/api.w.org\/{rel}","templated":true}]}}