{"id":255,"date":"2007-05-19T16:02:06","date_gmt":"2007-05-19T14:02:06","guid":{"rendered":"https:\/\/folin.nu\/blog\/2007\/05\/19\/ny-forbundsordforande-vald-i-cuf\/"},"modified":"2007-05-19T16:02:44","modified_gmt":"2007-05-19T14:02:44","slug":"ny-forbundsordforande-vald-i-cuf","status":"publish","type":"post","link":"https:\/\/folin.nu\/blog\/2007\/05\/19\/ny-forbundsordforande-vald-i-cuf\/","title":{"rendered":"Ny f\u00f6rbundsordf\u00f6rande vald i CUF"},"content":{"rendered":"<p>F\u00f6r n\u00e5gra minuter sedan valdes <a href=\"http:\/\/magnusandersson.blogspot.com\/\">Magnus Andersson<\/a> till ny f\u00f6rbundsordf\u00f6rande i CUF p\u00e5 \u00e5rets f\u00f6rbundsst\u00e4mma i Kalmar, och d\u00e4rmed \u00e4r <a href=\"http:\/\/federley.blogspot.com\">Fredrick Federleys<\/a> tid som f\u00f6rbundsordf\u00f6rande \u00f6ver. Den andra kandidaten var <a href=\"http:\/\/wickberg.blogspot.com\/\">Marie Wickberg<\/a>.<br \/>\nGrattis till ordf\u00f6randeskapet Magnus!<\/p>\n<p><a href='https:\/\/folin.nu\/blog\/wp-content\/uploads\/2007\/05\/magnus.jpg' title='Magnus Andersson'><img src='https:\/\/folin.nu\/blog\/wp-content\/uploads\/2007\/05\/magnus.tumnagel.jpg' alt='Magnus Andersson' \/><\/a><\/p>\n<p><a href=\"http:\/\/intressant.se\/intressant\">intressant.se<\/a><br \/>\nAndra bloggar om: <a href=\"http:\/\/bloggar.se\/om\/cuf\" rel=\"tag\">cuf<\/a>, <a href=\"http:\/\/bloggar.se\/om\/magnus+andersson\" rel=\"tag\">magnus andersson<\/a>, <a href=\"http:\/\/bloggar.se\/om\/marie+wickberg\" rel=\"tag\">marie wickberg<\/a><\/p>\n","protected":false},"excerpt":{"rendered":"<p>F\u00f6r n\u00e5gra minuter sedan valdes Magnus Andersson till ny f\u00f6rbundsordf\u00f6rande i CUF p\u00e5 \u00e5rets f\u00f6rbundsst\u00e4mma i Kalmar, och d\u00e4rmed \u00e4r Fredrick Federleys tid som f\u00f6rbundsordf\u00f6rande \u00f6ver. Den andra kandidaten var Marie Wickberg. Grattis till ordf\u00f6randeskapet Magnus! intressant.se Andra bloggar om: cuf, magnus andersson, marie wickberg<\/p>\n","protected":false},"author":1,"featured_media":0,"comment_status":"open","ping_status":"open","sticky":false,"template":"","format":"standard","meta":{"footnotes":""},"categories":[17,2],"tags":[],"class_list":["post-255","post","type-post","status-publish","format-standard","hentry","category-inrikes","category-politik"],"_links":{"self":[{"href":"https:\/\/folin.nu\/blog\/wp-json\/wp\/v2\/posts\/255","targetHints":{"allow":["GET"]}}],"collection":[{"href":"https:\/\/folin.nu\/blog\/wp-json\/wp\/v2\/posts"}],"about":[{"href":"https:\/\/folin.nu\/blog\/wp-json\/wp\/v2\/types\/post"}],"author":[{"embeddable":true,"href":"https:\/\/folin.nu\/blog\/wp-json\/wp\/v2\/users\/1"}],"replies":[{"embeddable":true,"href":"https:\/\/folin.nu\/blog\/wp-json\/wp\/v2\/comments?post=255"}],"version-history":[{"count":0,"href":"https:\/\/folin.nu\/blog\/wp-json\/wp\/v2\/posts\/255\/revisions"}],"wp:attachment":[{"href":"https:\/\/folin.nu\/blog\/wp-json\/wp\/v2\/media?parent=255"}],"wp:term":[{"taxonomy":"category","embeddable":true,"href":"https:\/\/folin.nu\/blog\/wp-json\/wp\/v2\/categories?post=255"},{"taxonomy":"post_tag","embeddable":true,"href":"https:\/\/folin.nu\/blog\/wp-json\/wp\/v2\/tags?post=255"}],"curies":[{"name":"wp","href":"https:\/\/api.w.org\/{rel}","templated":true}]}}