{"id":261,"date":"2007-06-03T20:52:38","date_gmt":"2007-06-03T18:52:38","guid":{"rendered":"https:\/\/folin.nu\/blog\/2007\/06\/03\/hande-i-helgen\/"},"modified":"2007-06-03T20:52:38","modified_gmt":"2007-06-03T18:52:38","slug":"hande-i-helgen","status":"publish","type":"post","link":"https:\/\/folin.nu\/blog\/2007\/06\/03\/hande-i-helgen\/","title":{"rendered":"H\u00e4nde i helgen"},"content":{"rendered":"<p>Ig\u00e5r fyllde jag 25 \u00e5r och det firades med fest i fredags. Det var f\u00f6rsta g\u00e5ngen jag hade fest <em>innan<\/em> min f\u00f6delsedag, men det gick alldeles utm\u00e4rkt. Eftersom jag har en psykisk st\u00f6rning som g\u00f6r mig intresserad av stridsvagnar (kolla in min n\u00e5got dysfunktionella <a href=\"http:\/\/wartofta.folin.nu\">websajt<\/a> fr\u00e5n v\u00e4rnplikten p\u00e5 P4) s\u00e5 var naturligtvis t\u00e5rtan mycket vackert dekorerad med gr\u00f6nt. En av de f\u00f6rsta sakerna jag sade var dock &#8221;Den har f\u00f6r m\u00e5nga <a href=\"http:\/\/www.mil.se\/int\/photo.php?id=81248&#038;nid=23849\">b\u00e4rhjul<\/a>&#8221;. Men fin var den.<br \/>\n<a href='https:\/\/folin.nu\/blog\/wp-content\/uploads\/2007\/06\/20070602227-1.jpg' title='Fin t\u00e5rta'><img src='https:\/\/folin.nu\/blog\/wp-content\/uploads\/2007\/06\/20070602227-1.jpg' alt='Fin t\u00e5rta' \/><\/a><\/p>\n<p>Jag fick \u00e4ven ett exemplar av Karl Marx Kapitalet, som ska l\u00e4sas under sommaren.<br \/>\n<a href='https:\/\/folin.nu\/blog\/wp-content\/uploads\/2007\/06\/20070603235-1.jpg' title='Kapitalet'><img src='https:\/\/folin.nu\/blog\/wp-content\/uploads\/2007\/06\/20070603235-1.jpg' alt='Kapitalet' \/><\/a><\/p>\n<p>Ig\u00e5r var <a href=\"http:\/\/anniejohansson.blogspot.com\">Annie Johansson<\/a> i Lund f\u00f6r att fira n\u00e5gra andra nyblivna 25-\u00e5ringar p\u00e5 \u00d6stg\u00f6ta nation, s\u00e5 jag tog tillf\u00e4llet i akt att festa lite med henne ocks\u00e5.<br \/>\n<a href='https:\/\/folin.nu\/blog\/wp-content\/uploads\/2007\/06\/20070602231-1.jpg' title='Annie Johansson'><img src='https:\/\/folin.nu\/blog\/wp-content\/uploads\/2007\/06\/20070602231-1.jpg' alt='Annie Johansson' \/><\/a><\/p>\n","protected":false},"excerpt":{"rendered":"<p>Ig\u00e5r fyllde jag 25 \u00e5r och det firades med fest i fredags. Det var f\u00f6rsta g\u00e5ngen jag hade fest innan min f\u00f6delsedag, men det gick alldeles utm\u00e4rkt. Eftersom jag har en psykisk st\u00f6rning som g\u00f6r mig intresserad av stridsvagnar (kolla in min n\u00e5got dysfunktionella websajt fr\u00e5n v\u00e4rnplikten p\u00e5 P4) s\u00e5 var naturligtvis t\u00e5rtan mycket vackert &hellip; <a href=\"https:\/\/folin.nu\/blog\/2007\/06\/03\/hande-i-helgen\/\" class=\"more-link\">Forts\u00e4tt l\u00e4sa <span class=\"screen-reader-text\">H\u00e4nde i helgen<\/span> <span class=\"meta-nav\">&rarr;<\/span><\/a><\/p>\n","protected":false},"author":1,"featured_media":0,"comment_status":"open","ping_status":"open","sticky":false,"template":"","format":"standard","meta":{"footnotes":""},"categories":[6],"tags":[],"class_list":["post-261","post","type-post","status-publish","format-standard","hentry","category-personligt"],"_links":{"self":[{"href":"https:\/\/folin.nu\/blog\/wp-json\/wp\/v2\/posts\/261","targetHints":{"allow":["GET"]}}],"collection":[{"href":"https:\/\/folin.nu\/blog\/wp-json\/wp\/v2\/posts"}],"about":[{"href":"https:\/\/folin.nu\/blog\/wp-json\/wp\/v2\/types\/post"}],"author":[{"embeddable":true,"href":"https:\/\/folin.nu\/blog\/wp-json\/wp\/v2\/users\/1"}],"replies":[{"embeddable":true,"href":"https:\/\/folin.nu\/blog\/wp-json\/wp\/v2\/comments?post=261"}],"version-history":[{"count":0,"href":"https:\/\/folin.nu\/blog\/wp-json\/wp\/v2\/posts\/261\/revisions"}],"wp:attachment":[{"href":"https:\/\/folin.nu\/blog\/wp-json\/wp\/v2\/media?parent=261"}],"wp:term":[{"taxonomy":"category","embeddable":true,"href":"https:\/\/folin.nu\/blog\/wp-json\/wp\/v2\/categories?post=261"},{"taxonomy":"post_tag","embeddable":true,"href":"https:\/\/folin.nu\/blog\/wp-json\/wp\/v2\/tags?post=261"}],"curies":[{"name":"wp","href":"https:\/\/api.w.org\/{rel}","templated":true}]}}