{"id":281,"date":"2007-07-21T11:32:13","date_gmt":"2007-07-21T09:32:13","guid":{"rendered":"https:\/\/folin.nu\/blog\/2007\/07\/21\/bra-handelshinder-ar-daligt-for-handeln\/"},"modified":"2009-09-09T12:20:50","modified_gmt":"2009-09-09T10:20:50","slug":"bra-handelshinder-ar-daligt-for-handeln","status":"publish","type":"post","link":"https:\/\/folin.nu\/blog\/2007\/07\/21\/bra-handelshinder-ar-daligt-for-handeln\/","title":{"rendered":"Bra handelshinder \u00e4r d\u00e5ligt f\u00f6r handeln"},"content":{"rendered":"<p>Aprop\u00e5 hearingen i EU-parlamentet om Trade Defense Instruments skrev jag en <a href=\"http:\/\/www.sn.se\/asikter\/ledare\/1.254792\">ledare<\/a> om protektionism och handelshinder.<\/p>\n<blockquote><p>Vicechefen f\u00f6r generaldirektoratet f\u00f6r Trade Defense, Peter Balas, h\u00e4vdade att EU har v\u00e4rldens b\u00e4sta TDI. Vad han \u00admenar d\u00e5 \u00e4r att EU \u00e4r b\u00e4st i v\u00e4rlden p\u00e5 att \u00adbegr\u00e4nsa handel. Varf\u00f6r det skulle vara bra framgick inte.<\/p><\/blockquote>\n<p>Andra bloggar om: <a href=\"http:\/\/bloggar.se\/om\/handelshinder\" rel=\"tag\">handelshinder<\/a>, <a href=\"http:\/\/bloggar.se\/om\/globalisering\" rel=\"tag\">globalisering<\/a>, <a href=\"http:\/\/bloggar.se\/om\/frihandel\" rel=\"tag\">frihandel<\/a>, <a href=\"http:\/\/bloggar.se\/om\/bastiat\" rel=\"tag\">bastiat<\/a>, <a href=\"http:\/\/bloggar.se\/om\/tdi\" rel=\"tag\">tdi<\/a>, <a href=\"http:\/\/bloggar.se\/om\/eu\" rel=\"tag\">eu<\/a><\/p>\n","protected":false},"excerpt":{"rendered":"<p>Aprop\u00e5 hearingen i EU-parlamentet om Trade Defense Instruments skrev jag en ledare om protektionism och handelshinder. Vicechefen f\u00f6r generaldirektoratet f\u00f6r Trade Defense, Peter Balas, h\u00e4vdade att EU har v\u00e4rldens b\u00e4sta TDI. Vad han \u00admenar d\u00e5 \u00e4r att EU \u00e4r b\u00e4st i v\u00e4rlden p\u00e5 att \u00adbegr\u00e4nsa handel. Varf\u00f6r det skulle vara bra framgick inte. Andra bloggar &hellip; <a href=\"https:\/\/folin.nu\/blog\/2007\/07\/21\/bra-handelshinder-ar-daligt-for-handeln\/\" class=\"more-link\">Forts\u00e4tt l\u00e4sa <span class=\"screen-reader-text\">Bra handelshinder \u00e4r d\u00e5ligt f\u00f6r handeln<\/span> <span class=\"meta-nav\">&rarr;<\/span><\/a><\/p>\n","protected":false},"author":1,"featured_media":0,"comment_status":"open","ping_status":"open","sticky":false,"template":"","format":"standard","meta":{"footnotes":""},"categories":[16,2,18],"tags":[],"class_list":["post-281","post","type-post","status-publish","format-standard","hentry","category-ekonomi","category-politik","category-utrikes"],"_links":{"self":[{"href":"https:\/\/folin.nu\/blog\/wp-json\/wp\/v2\/posts\/281","targetHints":{"allow":["GET"]}}],"collection":[{"href":"https:\/\/folin.nu\/blog\/wp-json\/wp\/v2\/posts"}],"about":[{"href":"https:\/\/folin.nu\/blog\/wp-json\/wp\/v2\/types\/post"}],"author":[{"embeddable":true,"href":"https:\/\/folin.nu\/blog\/wp-json\/wp\/v2\/users\/1"}],"replies":[{"embeddable":true,"href":"https:\/\/folin.nu\/blog\/wp-json\/wp\/v2\/comments?post=281"}],"version-history":[{"count":1,"href":"https:\/\/folin.nu\/blog\/wp-json\/wp\/v2\/posts\/281\/revisions"}],"predecessor-version":[{"id":746,"href":"https:\/\/folin.nu\/blog\/wp-json\/wp\/v2\/posts\/281\/revisions\/746"}],"wp:attachment":[{"href":"https:\/\/folin.nu\/blog\/wp-json\/wp\/v2\/media?parent=281"}],"wp:term":[{"taxonomy":"category","embeddable":true,"href":"https:\/\/folin.nu\/blog\/wp-json\/wp\/v2\/categories?post=281"},{"taxonomy":"post_tag","embeddable":true,"href":"https:\/\/folin.nu\/blog\/wp-json\/wp\/v2\/tags?post=281"}],"curies":[{"name":"wp","href":"https:\/\/api.w.org\/{rel}","templated":true}]}}