{"id":307,"date":"2007-11-28T17:57:23","date_gmt":"2007-11-28T15:57:23","guid":{"rendered":"https:\/\/folin.nu\/blog\/2007\/11\/28\/jag-talar-for-partiet\/"},"modified":"2007-11-28T17:57:23","modified_gmt":"2007-11-28T15:57:23","slug":"jag-talar-for-partiet","status":"publish","type":"post","link":"https:\/\/folin.nu\/blog\/2007\/11\/28\/jag-talar-for-partiet\/","title":{"rendered":"&#8221;Jag talar f\u00f6r partiet.&#8221;"},"content":{"rendered":"<p>Anna Tiberg p\u00e5 <a href=\"http:\/\/www.dagensarbete.se\">Dagens Arbete<\/a> har gjort en alldeles underbar <a href=\"http:\/\/www.dagensarbete.se\/home\/da\/home.NSF\/98770b2ae7748f3541256ce5006dad5f\/1090acf0fc83b1d4c125739f002cbb75?OpenDocument\">intervju med Per Bj\u00f6rklund<\/a> som bland annat \u00e4r sverigedemokraternas arbetsmarknadspolitiske talesman och partikass\u00f6r. Det \u00e4r en pl\u00e5gsam njutning att l\u00e4sa hur han g\u00f6r bort sig n\u00e4r han f\u00f6rs\u00f6ker svara p\u00e5 fr\u00e5gorna. Om Per Bj\u00f6rklund talar f\u00f6r Sverigedemokraterna s\u00e5 tror jag att vi inte har s\u00e5 mycket att frukta; de kommer skr\u00e4mma bort fler v\u00e4ljare ju mer exponering de f\u00e5r. Detta \u00e4r stor humor.<\/p>\n<p>Andra <a href=\"http:\/\/intressant.se\/intressant\">bloggar<\/a> om: <a href=\"http:\/\/bloggar.se\/om\/sverigedemokraterna\" rel=\"tag\">sverigedemokraterna<\/a>, <a href=\"http:\/\/bloggar.se\/om\/dagens+arbete\" rel=\"tag\">dagens arbete<\/a>, <a href=\"http:\/\/bloggar.se\/om\/politisk+humor\" rel=\"tag\">politisk humor<\/a><\/p>\n","protected":false},"excerpt":{"rendered":"<p>Anna Tiberg p\u00e5 Dagens Arbete har gjort en alldeles underbar intervju med Per Bj\u00f6rklund som bland annat \u00e4r sverigedemokraternas arbetsmarknadspolitiske talesman och partikass\u00f6r. Det \u00e4r en pl\u00e5gsam njutning att l\u00e4sa hur han g\u00f6r bort sig n\u00e4r han f\u00f6rs\u00f6ker svara p\u00e5 fr\u00e5gorna. Om Per Bj\u00f6rklund talar f\u00f6r Sverigedemokraterna s\u00e5 tror jag att vi inte har s\u00e5 &hellip; <a href=\"https:\/\/folin.nu\/blog\/2007\/11\/28\/jag-talar-for-partiet\/\" class=\"more-link\">Forts\u00e4tt l\u00e4sa <span class=\"screen-reader-text\">&#8221;Jag talar f\u00f6r partiet.&#8221;<\/span> <span class=\"meta-nav\">&rarr;<\/span><\/a><\/p>\n","protected":false},"author":1,"featured_media":0,"comment_status":"open","ping_status":"open","sticky":false,"template":"","format":"standard","meta":{"footnotes":""},"categories":[17,11,2],"tags":[],"class_list":["post-307","post","type-post","status-publish","format-standard","hentry","category-inrikes","category-kul","category-politik"],"_links":{"self":[{"href":"https:\/\/folin.nu\/blog\/wp-json\/wp\/v2\/posts\/307","targetHints":{"allow":["GET"]}}],"collection":[{"href":"https:\/\/folin.nu\/blog\/wp-json\/wp\/v2\/posts"}],"about":[{"href":"https:\/\/folin.nu\/blog\/wp-json\/wp\/v2\/types\/post"}],"author":[{"embeddable":true,"href":"https:\/\/folin.nu\/blog\/wp-json\/wp\/v2\/users\/1"}],"replies":[{"embeddable":true,"href":"https:\/\/folin.nu\/blog\/wp-json\/wp\/v2\/comments?post=307"}],"version-history":[{"count":0,"href":"https:\/\/folin.nu\/blog\/wp-json\/wp\/v2\/posts\/307\/revisions"}],"wp:attachment":[{"href":"https:\/\/folin.nu\/blog\/wp-json\/wp\/v2\/media?parent=307"}],"wp:term":[{"taxonomy":"category","embeddable":true,"href":"https:\/\/folin.nu\/blog\/wp-json\/wp\/v2\/categories?post=307"},{"taxonomy":"post_tag","embeddable":true,"href":"https:\/\/folin.nu\/blog\/wp-json\/wp\/v2\/tags?post=307"}],"curies":[{"name":"wp","href":"https:\/\/api.w.org\/{rel}","templated":true}]}}