{"id":321,"date":"2008-03-18T11:05:44","date_gmt":"2008-03-18T10:05:44","guid":{"rendered":"https:\/\/folin.nu\/blog\/2008\/03\/18\/vinklade-artiklar-om-sophantering\/"},"modified":"2008-03-18T11:05:44","modified_gmt":"2008-03-18T10:05:44","slug":"vinklade-artiklar-om-sophantering","status":"publish","type":"post","link":"https:\/\/folin.nu\/blog\/2008\/03\/18\/vinklade-artiklar-om-sophantering\/","title":{"rendered":"Vinklade artiklar om sophantering"},"content":{"rendered":"<p>Anders Malmstr\u00f6m p\u00e5 Sydsvenskan ber\u00e4ttar i <a href=\"http:\/\/sydsvenskan.se\/sverige\/article309573.ece\">ett par<\/a> <a href=\"http:\/\/sydsvenskan.se\/sverige\/article309549.ece\">artiklar<\/a> om sophantering idag att privata f\u00f6retag \u00e4r onda och att det \u00e4r synd om de stackars kommunerna som inte l\u00e4ngre f\u00e5r ha monopol p\u00e5 soph\u00e4mtning. En del av formuleringarna hade lika g\u00e4rna kunnat komma fr\u00e5n <a href=\"http:\/\/enlitenrost.se\/\">den h\u00e4r bloggen<\/a>.<br \/>\nEtt par exempel:<\/p>\n<blockquote><p>[De privata f\u00f6retagen drog] via sin branschorganisation och andra lobbyister ig\u00e5ng en serie aggressiva utspel mot kommuner som just gav soporna till egna bolag i st\u00e4llet f\u00f6r att g\u00f6ra upphandlingar.<\/p>\n<p>[&#8230;]<\/p>\n<p>P\u00e5 flera h\u00e5ll i landet har lobbyister ocks\u00e5 lyckats f\u00e5 lokalpressen att skriva om att hemkommunen inte handlar upp.<\/p><\/blockquote>\n<p>Det h\u00e4r \u00e4r inte bra journalistik. Reportern tar st\u00e4llning, anv\u00e4nder v\u00e4rdeladdade uttryck och h\u00e4vdar att andra tidningar inte skulle ha skrivit om brott mot lagen om offentlig upphandling om inte &#8221;lobbyister&#8221; hade pushat dem. Reportern saknar respekt f\u00f6r andra journalisters integritet. Den som verkar sakna integritet i sammanhanget \u00e4r Anders Malmstr\u00f6m sj\u00e4lv.<\/p>\n<p>Rubriken p\u00e5 huvudartikeln (&#8221;Sk\u00e5nska sopor kan fraktas till Dalarna&#8221;) \u00e4r dessutom spekulativ och utan verklighetsf\u00f6rankring. Som Sysavs styrelseordf\u00f6rande, tillika Vellinges starke man, <a href=\"http:\/\/sydsvenskan.se\/sverige\/article309552.ece\">G\u00f6ran Holm s\u00e4ger<\/a>: &#8221;Vi \u00e4r inte r\u00e4dda f\u00f6r att handla upp. Det \u00e4r bara att r\u00e4kna p\u00e5 transportkostnaden f\u00f6r v\u00e5ra konkurrenter.&#8221; Om inte ett enda av de bolag som har anl\u00e4ggningar i Sk\u00e5ne (eller \u00f6verhuvudtaget s\u00f6der om Dalarna) kan ge ett b\u00e4ttre anbud till kommunerna om sophanteringen s\u00e5 visar det med all \u00f6nskv\u00e4rd tydlighet att offentligt \u00e4gd och driven verksamhet som agerar med hj\u00e4lp av monopol \u00e4r s\u00e5 d\u00e5lig som det mesta tyder p\u00e5.<\/p>\n<p>Hela situationen d\u00e4r kommunerna \u00e4ger egna bolag som sysslar med sophantering \u00e4r f\u00f6r \u00f6vrigt v\u00e4ldigt m\u00e4rklig eftersom det finns privata bolag som g\u00f6r exakt samma sak. I <a href=\"http:\/\/sydsvenskan.se\/lund\/article309574.ece\">en annan artikel<\/a> i Sydsvenskan idag backar Lunds kommun fr\u00e5n en \u00f6verenskommelse om sk\u00f6tsel av kolonitr\u00e4dg\u00e5rdar, eftersom den verksamheten konkurrerar med privata f\u00f6retag i tr\u00e4dg\u00e5rdsbranschen. Det som skiljer h\u00e4ndelserna \u00e5t \u00e4r att de kommunala sopbolagen \u00e4r just det, f\u00f6retag hel\u00e4gda av kommunerna. Om Lunds kommun bildar ett bolag som utf\u00f6r tr\u00e4dg\u00e5rdstj\u00e4nster \u00e5t kolonitr\u00e4dg\u00e5rdsinnehavare s\u00e5 hade det tydligen inte varit n\u00e5got problem. Det faktum att kommunerna \u00f6verhuvudtaget har egna sopbolag som konkurrerar med privata dito (eller borde g\u00f6ra det iallafall, om lagen om offentlig upphandling hade f\u00f6ljts) \u00e4r d\u00e4rmed ytterligare ett problem.<\/p>\n<p>Andra <a href=\"http:\/\/intressant.se\/intressant\">bloggar<\/a> om <a href=\"http:\/\/bloggar.se\/om\/sophantering\" rel=\"tag\">sophantering<\/a>, <a href=\"http:\/\/bloggar.se\/om\/sysav\" rel=\"tag\">sysav<\/a>, <a href=\"http:\/\/bloggar.se\/om\/sydsvenskan\" rel=\"tag\">sydsvenskan<\/a>, <a href=\"http:\/\/bloggar.se\/om\/journalistik\" rel=\"tag\">journalistik<\/a><\/p>\n","protected":false},"excerpt":{"rendered":"<p>Anders Malmstr\u00f6m p\u00e5 Sydsvenskan ber\u00e4ttar i ett par artiklar om sophantering idag att privata f\u00f6retag \u00e4r onda och att det \u00e4r synd om de stackars kommunerna som inte l\u00e4ngre f\u00e5r ha monopol p\u00e5 soph\u00e4mtning. En del av formuleringarna hade lika g\u00e4rna kunnat komma fr\u00e5n den h\u00e4r bloggen. Ett par exempel: [De privata f\u00f6retagen drog] via &hellip; <a href=\"https:\/\/folin.nu\/blog\/2008\/03\/18\/vinklade-artiklar-om-sophantering\/\" class=\"more-link\">Forts\u00e4tt l\u00e4sa <span class=\"screen-reader-text\">Vinklade artiklar om sophantering<\/span> <span class=\"meta-nav\">&rarr;<\/span><\/a><\/p>\n","protected":false},"author":1,"featured_media":0,"comment_status":"open","ping_status":"open","sticky":false,"template":"","format":"standard","meta":{"footnotes":""},"categories":[17,33,2],"tags":[],"class_list":["post-321","post","type-post","status-publish","format-standard","hentry","category-inrikes","category-journalistik","category-politik"],"_links":{"self":[{"href":"https:\/\/folin.nu\/blog\/wp-json\/wp\/v2\/posts\/321","targetHints":{"allow":["GET"]}}],"collection":[{"href":"https:\/\/folin.nu\/blog\/wp-json\/wp\/v2\/posts"}],"about":[{"href":"https:\/\/folin.nu\/blog\/wp-json\/wp\/v2\/types\/post"}],"author":[{"embeddable":true,"href":"https:\/\/folin.nu\/blog\/wp-json\/wp\/v2\/users\/1"}],"replies":[{"embeddable":true,"href":"https:\/\/folin.nu\/blog\/wp-json\/wp\/v2\/comments?post=321"}],"version-history":[{"count":0,"href":"https:\/\/folin.nu\/blog\/wp-json\/wp\/v2\/posts\/321\/revisions"}],"wp:attachment":[{"href":"https:\/\/folin.nu\/blog\/wp-json\/wp\/v2\/media?parent=321"}],"wp:term":[{"taxonomy":"category","embeddable":true,"href":"https:\/\/folin.nu\/blog\/wp-json\/wp\/v2\/categories?post=321"},{"taxonomy":"post_tag","embeddable":true,"href":"https:\/\/folin.nu\/blog\/wp-json\/wp\/v2\/tags?post=321"}],"curies":[{"name":"wp","href":"https:\/\/api.w.org\/{rel}","templated":true}]}}