{"id":322,"date":"2008-03-18T11:34:26","date_gmt":"2008-03-18T10:34:26","guid":{"rendered":"https:\/\/folin.nu\/blog\/2008\/03\/18\/dagens-foretag\/"},"modified":"2008-03-18T11:34:26","modified_gmt":"2008-03-18T10:34:26","slug":"dagens-foretag","status":"publish","type":"post","link":"https:\/\/folin.nu\/blog\/2008\/03\/18\/dagens-foretag\/","title":{"rendered":"Dagens f\u00f6retag"},"content":{"rendered":"<blockquote><p><a href=\"http:\/\/sv.wikipedia.org\/wiki\/Percy_Nileg%C3%A5rd\">Jag kallar konceptet f\u00f6r marketing by not asking any questions first. S\u00e5 min fr\u00e5ga till dig broder, den lyder som f\u00f6ljer: var skickar jag fakturan n\u00e4r jag ska fakturera?<\/a><\/p><\/blockquote>\n<p>Aprop\u00e5 att <a href=\"http:\/\/sydsvenskan.se\/nojen\/article309528.ece\">Eva Hamilton<\/a> vill att \u00e4ven de som<a href=\"http:\/\/www.idg.se\/2.1085\/1.151061\"> inte \u00e4ger en tv-mottagare<\/a> ska tvingas att <a href=\"http:\/\/www.sr.se\/cgi-bin\/ekot\/artikel.asp?Artikel=1955005\">betala tv-avgift<\/a>:<\/p>\n<blockquote><p>F\u00e5r det den konsekvensen att \u00e4ven om man inte har en tv-mottagare m\u00e5ste betala sin licensavgift?<\/p>\n<p>\u2013 Det skulle i s\u00e5 fall bli konsekvensen, ja, s\u00e4ger Eva Hamilton.<\/p><\/blockquote>\n<p>Andra bloggar om <a href=\"http:\/\/bloggar.se\/om\/tv-avgift\" rel=\"tag\">tv-avgift<\/a>, <a href=\"http:\/\/bloggar.se\/om\/percy+nileg%E5rd\" rel=\"tag\">percy nileg\u00e5rd<\/a>, <a href=\"http:\/\/bloggar.se\/om\/eva+hamilton\" rel=\"tag\">eva hamilton<\/a>, <a href=\"http:\/\/bloggar.se\/om\/svt\" rel=\"tag\">svt<\/a><\/p>\n","protected":false},"excerpt":{"rendered":"<p>Jag kallar konceptet f\u00f6r marketing by not asking any questions first. S\u00e5 min fr\u00e5ga till dig broder, den lyder som f\u00f6ljer: var skickar jag fakturan n\u00e4r jag ska fakturera? Aprop\u00e5 att Eva Hamilton vill att \u00e4ven de som inte \u00e4ger en tv-mottagare ska tvingas att betala tv-avgift: F\u00e5r det den konsekvensen att \u00e4ven om man &hellip; <a href=\"https:\/\/folin.nu\/blog\/2008\/03\/18\/dagens-foretag\/\" class=\"more-link\">Forts\u00e4tt l\u00e4sa <span class=\"screen-reader-text\">Dagens f\u00f6retag<\/span> <span class=\"meta-nav\">&rarr;<\/span><\/a><\/p>\n","protected":false},"author":1,"featured_media":0,"comment_status":"open","ping_status":"open","sticky":false,"template":"","format":"standard","meta":{"footnotes":""},"categories":[17,4,2],"tags":[],"class_list":["post-322","post","type-post","status-publish","format-standard","hentry","category-inrikes","category-media","category-politik"],"_links":{"self":[{"href":"https:\/\/folin.nu\/blog\/wp-json\/wp\/v2\/posts\/322","targetHints":{"allow":["GET"]}}],"collection":[{"href":"https:\/\/folin.nu\/blog\/wp-json\/wp\/v2\/posts"}],"about":[{"href":"https:\/\/folin.nu\/blog\/wp-json\/wp\/v2\/types\/post"}],"author":[{"embeddable":true,"href":"https:\/\/folin.nu\/blog\/wp-json\/wp\/v2\/users\/1"}],"replies":[{"embeddable":true,"href":"https:\/\/folin.nu\/blog\/wp-json\/wp\/v2\/comments?post=322"}],"version-history":[{"count":0,"href":"https:\/\/folin.nu\/blog\/wp-json\/wp\/v2\/posts\/322\/revisions"}],"wp:attachment":[{"href":"https:\/\/folin.nu\/blog\/wp-json\/wp\/v2\/media?parent=322"}],"wp:term":[{"taxonomy":"category","embeddable":true,"href":"https:\/\/folin.nu\/blog\/wp-json\/wp\/v2\/categories?post=322"},{"taxonomy":"post_tag","embeddable":true,"href":"https:\/\/folin.nu\/blog\/wp-json\/wp\/v2\/tags?post=322"}],"curies":[{"name":"wp","href":"https:\/\/api.w.org\/{rel}","templated":true}]}}