{"id":331,"date":"2008-05-03T14:22:34","date_gmt":"2008-05-03T12:22:34","guid":{"rendered":"https:\/\/folin.nu\/blog\/?p=331"},"modified":"2008-05-03T14:22:34","modified_gmt":"2008-05-03T12:22:34","slug":"ny-forbundsstyrelse-i-cuf","status":"publish","type":"post","link":"https:\/\/folin.nu\/blog\/2008\/05\/03\/ny-forbundsstyrelse-i-cuf\/","title":{"rendered":"Ny f\u00f6rbundsstyrelse i CUF"},"content":{"rendered":"<p>Nu \u00e4r val\u00e4rendena p\u00e5 st\u00e4mman avslutade. <a href=\"http:\/\/magnusandersson.blogspot.com\">Magnus Andersson<\/a> valdes som v\u00e4ntat om till f\u00f6rbundsordf\u00f6rande. <a href=\"http:\/\/wickberg.blogspot.com\/\">Marie Wickberg<\/a>, <a href=\"http:\/\/johanpettersson.blogspot.com\/\">Johan Pettersson<\/a> och <a href=\"http:\/\/strombergandreas.blogspot.com\/\">Andreas Str\u00f6mberg<\/a> valdes till f\u00f6rsta, andra respektive tredje vice f\u00f6rbundsordf\u00f6rande. Johan Pettersson eftertr\u00e4der Ida Karlsson som inte st\u00e4ller upp f\u00f6r omval och Andreas Str\u00f6mberg eftertr\u00e4der Johan Pettersson.<br \/>\n<a href=\"http:\/\/perjohansson.blogsome.com\/\">Per Johansson<\/a>, Josefine Isaksson, <a href=\"http:\/\/johankling.blogspot.com\/\">Johan Kling<\/a> och <a href=\"http:\/\/metrobloggen.se\/jsp\/public\/index.jsp?article=19.10110\">Lisa Falk<\/a> valdes om som ledam\u00f6ter i f\u00f6rbundsstyrelsen.<br \/>\nF\u00f6rutom Ida Karlsson avg\u00e5r \u00e4ven Julia F\u00e4rjhage och Lars Nyborg fr\u00e5n f\u00f6rbundsstyrelsen. De lediga platserna fylldes av <a href=\"http:\/\/karlmalmqvist.blogspot.com\/\">Karl Malmqvist<\/a>, Elisabeth Svensson och <a href=\"http:\/\/rickardnordin.blogspot.com\/\">Rickard Nordin<\/a>.<\/p>\n","protected":false},"excerpt":{"rendered":"<p>Nu \u00e4r val\u00e4rendena p\u00e5 st\u00e4mman avslutade. Magnus Andersson valdes som v\u00e4ntat om till f\u00f6rbundsordf\u00f6rande. Marie Wickberg, Johan Pettersson och Andreas Str\u00f6mberg valdes till f\u00f6rsta, andra respektive tredje vice f\u00f6rbundsordf\u00f6rande. Johan Pettersson eftertr\u00e4der Ida Karlsson som inte st\u00e4ller upp f\u00f6r omval och Andreas Str\u00f6mberg eftertr\u00e4der Johan Pettersson. Per Johansson, Josefine Isaksson, Johan Kling och Lisa Falk &hellip; <a href=\"https:\/\/folin.nu\/blog\/2008\/05\/03\/ny-forbundsstyrelse-i-cuf\/\" class=\"more-link\">Forts\u00e4tt l\u00e4sa <span class=\"screen-reader-text\">Ny f\u00f6rbundsstyrelse i CUF<\/span> <span class=\"meta-nav\">&rarr;<\/span><\/a><\/p>\n","protected":false},"author":1,"featured_media":0,"comment_status":"open","ping_status":"open","sticky":false,"template":"","format":"standard","meta":{"footnotes":""},"categories":[2],"tags":[],"class_list":["post-331","post","type-post","status-publish","format-standard","hentry","category-politik"],"_links":{"self":[{"href":"https:\/\/folin.nu\/blog\/wp-json\/wp\/v2\/posts\/331","targetHints":{"allow":["GET"]}}],"collection":[{"href":"https:\/\/folin.nu\/blog\/wp-json\/wp\/v2\/posts"}],"about":[{"href":"https:\/\/folin.nu\/blog\/wp-json\/wp\/v2\/types\/post"}],"author":[{"embeddable":true,"href":"https:\/\/folin.nu\/blog\/wp-json\/wp\/v2\/users\/1"}],"replies":[{"embeddable":true,"href":"https:\/\/folin.nu\/blog\/wp-json\/wp\/v2\/comments?post=331"}],"version-history":[{"count":0,"href":"https:\/\/folin.nu\/blog\/wp-json\/wp\/v2\/posts\/331\/revisions"}],"wp:attachment":[{"href":"https:\/\/folin.nu\/blog\/wp-json\/wp\/v2\/media?parent=331"}],"wp:term":[{"taxonomy":"category","embeddable":true,"href":"https:\/\/folin.nu\/blog\/wp-json\/wp\/v2\/categories?post=331"},{"taxonomy":"post_tag","embeddable":true,"href":"https:\/\/folin.nu\/blog\/wp-json\/wp\/v2\/tags?post=331"}],"curies":[{"name":"wp","href":"https:\/\/api.w.org\/{rel}","templated":true}]}}