{"id":43,"date":"2005-12-22T11:07:46","date_gmt":"2005-12-22T10:07:46","guid":{"rendered":"https:\/\/folin.nu\/blog\/?p=43"},"modified":"2005-12-22T11:08:28","modified_gmt":"2005-12-22T10:08:28","slug":"boktips","status":"publish","type":"post","link":"https:\/\/folin.nu\/blog\/2005\/12\/22\/boktips\/","title":{"rendered":"Boktips"},"content":{"rendered":"<p>Just nu h\u00e5ller jag p\u00e5 att l\u00e4sa <a href=\"http:\/\/www.bokfynd.nu\/cgi-bin\/v2.0\/www\/nph-se.html\/product\/9146211365\">Globalia<\/a> av Jean-Christophe Rufin. Den \u00e4r som en kombination av <a href=\"http:\/\/www.bokfynd.nu\/cgi-bin\/v2.0\/www\/nph-se.html\/product\/9174865412\">1984<\/a> och <a href=\"http:\/\/www.bokfynd.nu\/cgi-bin\/v2.0\/www\/nph-se.html\/product\/9189538587\">Du sk\u00f6na nya v\u00e4rld<\/a>, tv\u00e5 b\u00f6cker som jag tycker mycket om. I uppl\u00e4gget iallafall, jag har inte kommit s\u00e5 l\u00e5ngt \u00e4n. Det jag kanske kan inv\u00e4nda mot s\u00e5 h\u00e4r l\u00e5ngt \u00e4r just att den kanske inte tillf\u00f6r s\u00e5 mycket nytt. F\u00e5r se hur den artar sig. Ig\u00e5r kv\u00e4ll l\u00e4ste jag ett stycke som kanske f\u00f6rklarar hur Tomas Bodstr\u00f6m resonerar:<\/p>\n<blockquote><p>&#8221;Globalia, d\u00e4r vi har lyckan att leva&#8221;, kungjorde psykologen, &#8221;\u00e4r den full\u00e4ndade demokratin. Det st\u00e5r var och en fritt att handla. Dock har m\u00e4nniskor en naturlig ben\u00e4genhet att missbruka friheten, det vill s\u00e4ga att g\u00f6ra intr\u00e5ng p\u00e5 andras. <em>Det st\u00f6rsta hotet mot friheten \u00e4r friheten sj\u00e4lv.<\/em> Hur kan d\u00e5 friheteten f\u00f6rsvaras mot sig sj\u00e4lv? Genom att garantera allas trygghet. Trygghet \u00e4r lika med frihet. Trygghet \u00e4r lika med beskydd. Beskydd \u00e4r lika med \u00f6vervakning. <em>\u00d6vervakning \u00e4r lika med frihet.<\/em>&#8221;<\/p><\/blockquote>\n<p>Andra bloggar om: <a href=\"http:\/\/bloggar.se\/om\/bodstr%F6msamh%E4llet\" rel=\"tag\">bodstr\u00f6msamh\u00e4llet<\/a>, <a href=\"http:\/\/bloggar.se\/om\/litteratur\" rel=\"tag\">litteratur<\/a><\/p>\n","protected":false},"excerpt":{"rendered":"<p>Just nu h\u00e5ller jag p\u00e5 att l\u00e4sa Globalia av Jean-Christophe Rufin. Den \u00e4r som en kombination av 1984 och Du sk\u00f6na nya v\u00e4rld, tv\u00e5 b\u00f6cker som jag tycker mycket om. I uppl\u00e4gget iallafall, jag har inte kommit s\u00e5 l\u00e5ngt \u00e4n. Det jag kanske kan inv\u00e4nda mot s\u00e5 h\u00e4r l\u00e5ngt \u00e4r just att den kanske inte &hellip; <a href=\"https:\/\/folin.nu\/blog\/2005\/12\/22\/boktips\/\" class=\"more-link\">Forts\u00e4tt l\u00e4sa <span class=\"screen-reader-text\">Boktips<\/span> <span class=\"meta-nav\">&rarr;<\/span><\/a><\/p>\n","protected":false},"author":1,"featured_media":0,"comment_status":"open","ping_status":"open","sticky":false,"template":"","format":"standard","meta":{"footnotes":""},"categories":[9,2],"tags":[],"class_list":["post-43","post","type-post","status-publish","format-standard","hentry","category-litteratur","category-politik"],"_links":{"self":[{"href":"https:\/\/folin.nu\/blog\/wp-json\/wp\/v2\/posts\/43","targetHints":{"allow":["GET"]}}],"collection":[{"href":"https:\/\/folin.nu\/blog\/wp-json\/wp\/v2\/posts"}],"about":[{"href":"https:\/\/folin.nu\/blog\/wp-json\/wp\/v2\/types\/post"}],"author":[{"embeddable":true,"href":"https:\/\/folin.nu\/blog\/wp-json\/wp\/v2\/users\/1"}],"replies":[{"embeddable":true,"href":"https:\/\/folin.nu\/blog\/wp-json\/wp\/v2\/comments?post=43"}],"version-history":[{"count":0,"href":"https:\/\/folin.nu\/blog\/wp-json\/wp\/v2\/posts\/43\/revisions"}],"wp:attachment":[{"href":"https:\/\/folin.nu\/blog\/wp-json\/wp\/v2\/media?parent=43"}],"wp:term":[{"taxonomy":"category","embeddable":true,"href":"https:\/\/folin.nu\/blog\/wp-json\/wp\/v2\/categories?post=43"},{"taxonomy":"post_tag","embeddable":true,"href":"https:\/\/folin.nu\/blog\/wp-json\/wp\/v2\/tags?post=43"}],"curies":[{"name":"wp","href":"https:\/\/api.w.org\/{rel}","templated":true}]}}