{"id":44,"date":"2005-12-22T22:34:02","date_gmt":"2005-12-22T21:34:02","guid":{"rendered":"https:\/\/folin.nu\/blog\/2005\/12\/22\/legaliserad-fildelning-i-frankrike\/"},"modified":"2005-12-25T03:07:30","modified_gmt":"2005-12-25T02:07:30","slug":"legaliserad-fildelning-i-frankrike","status":"publish","type":"post","link":"https:\/\/folin.nu\/blog\/2005\/12\/22\/legaliserad-fildelning-i-frankrike\/","title":{"rendered":"Legaliserad fildelning i Frankrike"},"content":{"rendered":"<p>Har inte hunnit l\u00e4sa artikeln \u00e4n, men enligt <a href=\"http:\/\/yro.slashdot.org\/article.pl?sid=05\/12\/22\/1322228\">Slashdot<\/a> har Frankrikes parlament r\u00f6stat igenom ett lagf\u00f6rslag om att till\u00e5ta fildelning av film och musik p\u00e5 internet. Mer om detta snart.<\/p>\n<p><strong>Uppdatering:<\/strong> Enligt <a href=\"http:\/\/www.bloomberg.com\/apps\/news?pid=10000085&#038;sid=avOoTq8aXkU8&#038;refer=europe\">Bloomberg.com<\/a> r\u00f6r det sig om ett till\u00e4gg till en lag om immateriell egendom.<\/p>\n<blockquote><p> The amendment, which is attached to a bill on intellectual property rights, states that &#8221;authors cannot forbid the reproduction of works that are made on any format from an online communications service when they are intended to be used privately&#8221; and not for commercial use.<\/p><\/blockquote>\n<p>F\u00f6rslaget r\u00f6stades igenom med 30 r\u00f6ster f\u00f6r och 28 mot. P\u00e5 grund av att r\u00f6stningen gjordes sent p\u00e5 kv\u00e4llen var resten av de 577 ledam\u00f6terna fr\u00e5nvarande. Allt \u00e4r dock inte vunnet \u00e4n:<\/p>\n<blockquote><p>The government can overturn the amendment, either by re- opening debate or if the Senate votes it down when the bill moves to the upper house. French Culture Minister Renaud Donnedieu de Vabres has asked that parliament re-open debate on the amendment today, Agence France Presse reported. <\/p><\/blockquote>\n<p>Rasmus p\u00e5 <a href=\"http:\/\/copyriot.blogspot.com\/\">Copyriot<\/a> har gjort en <a href=\"http:\/\/copyriot.blogspot.com\/2005\/12\/legaliserad-fildelning-i-frankrike.html\">noggrann analys<\/a>.<br \/>\n<br \/>\nAndra bloggar om: <a href=\"http:\/\/bloggar.se\/om\/fildelning\" rel=\"tag\">fildelning<\/a>, <a href=\"http:\/\/bloggar.se\/om\/politik\" rel=\"tag\">politik<\/a>, <a href=\"http:\/\/bloggar.se\/om\/frankrike\" rel=\"tag\">frankrike<\/a><\/p>\n","protected":false},"excerpt":{"rendered":"<p>Har inte hunnit l\u00e4sa artikeln \u00e4n, men enligt Slashdot har Frankrikes parlament r\u00f6stat igenom ett lagf\u00f6rslag om att till\u00e5ta fildelning av film och musik p\u00e5 internet. Mer om detta snart. Uppdatering: Enligt Bloomberg.com r\u00f6r det sig om ett till\u00e4gg till en lag om immateriell egendom. The amendment, which is attached to a bill on intellectual &hellip; <a href=\"https:\/\/folin.nu\/blog\/2005\/12\/22\/legaliserad-fildelning-i-frankrike\/\" class=\"more-link\">Forts\u00e4tt l\u00e4sa <span class=\"screen-reader-text\">Legaliserad fildelning i Frankrike<\/span> <span class=\"meta-nav\">&rarr;<\/span><\/a><\/p>\n","protected":false},"author":1,"featured_media":0,"comment_status":"open","ping_status":"open","sticky":false,"template":"","format":"standard","meta":{"footnotes":""},"categories":[3,8,2],"tags":[],"class_list":["post-44","post","type-post","status-publish","format-standard","hentry","category-it","category-juridik","category-politik"],"_links":{"self":[{"href":"https:\/\/folin.nu\/blog\/wp-json\/wp\/v2\/posts\/44","targetHints":{"allow":["GET"]}}],"collection":[{"href":"https:\/\/folin.nu\/blog\/wp-json\/wp\/v2\/posts"}],"about":[{"href":"https:\/\/folin.nu\/blog\/wp-json\/wp\/v2\/types\/post"}],"author":[{"embeddable":true,"href":"https:\/\/folin.nu\/blog\/wp-json\/wp\/v2\/users\/1"}],"replies":[{"embeddable":true,"href":"https:\/\/folin.nu\/blog\/wp-json\/wp\/v2\/comments?post=44"}],"version-history":[{"count":0,"href":"https:\/\/folin.nu\/blog\/wp-json\/wp\/v2\/posts\/44\/revisions"}],"wp:attachment":[{"href":"https:\/\/folin.nu\/blog\/wp-json\/wp\/v2\/media?parent=44"}],"wp:term":[{"taxonomy":"category","embeddable":true,"href":"https:\/\/folin.nu\/blog\/wp-json\/wp\/v2\/categories?post=44"},{"taxonomy":"post_tag","embeddable":true,"href":"https:\/\/folin.nu\/blog\/wp-json\/wp\/v2\/tags?post=44"}],"curies":[{"name":"wp","href":"https:\/\/api.w.org\/{rel}","templated":true}]}}