{"id":579,"date":"2006-10-24T12:14:31","date_gmt":"2006-10-24T10:14:31","guid":{"rendered":"https:\/\/folin.nu\/blog\/2006\/10\/24\/i-stort-sett-menlos\/"},"modified":"2006-10-24T12:14:31","modified_gmt":"2006-10-24T10:14:31","slug":"i-stort-sett-menlos","status":"publish","type":"post","link":"https:\/\/folin.nu\/blog\/2006\/10\/24\/i-stort-sett-menlos\/","title":{"rendered":"I stort sett menl\u00f6s"},"content":{"rendered":"<p>Lena Adelsohn Liljeroth verkar vara ett tryggt val. Sticker inte ut f\u00f6r mycket \u00e5t n\u00e5got h\u00e5ll. Tr\u00e5kig och trygg. Iallafall om det h\u00e4r \u00e4r representativt f\u00f6r den linje hon kommer f\u00f6ra: <a href=\"http:\/\/www.riksdagen.se\/webbnav\/index.aspx?nid=1119&#038;iid=0427127522211&#038;doktyp=mot&#038;doktyp=ip&#038;doktyp=frag&#038;doktyp=anf&#038;rm=2006%2F07&#038;rm=2005%2F06#\">Sagt och gjort av Lena Adelsohn Liljeroth<\/a>.<\/p>\n<p>Fr\u00e5n Motion 2005\/06:Kr252 Kulturskaparnas villkor:<\/p>\n<blockquote><p>\n[&#8230;]<br \/>\nN\u00e5gra av de f\u00f6rslag vi har f\u00f6r att ge landets kulturskapare goda och trygga f\u00f6rh\u00e5llanden \u00e4r dessa:<\/p>\n<ul>\n<li>Utveckla konstn\u00e4rernas m\u00f6jligheter att leva p\u00e5 sitt konstn\u00e4rskap och d\u00e4rmed minska beroendet av bidrag.\n<\/li>\n<li>Kulturskapare gynnas av s\u00e4nkta skatter.<\/li>\n<li>En \u00f6versyn av de olika momssatserna inom kulturomr\u00e5det m\u00e5ste snarast genomf\u00f6ras.<\/li>\n<li>F\u00f6retagens ink\u00f6p av konst m\u00e5ste bli avdragsgilla.<\/li>\n<li>Reglerna f\u00f6r sponsring m\u00e5ste g\u00f6ras klarare och mer gener\u00f6sa.<\/li>\n<li>Regelf\u00f6renkling f\u00f6r sm\u00e5f\u00f6retagare enligt Sm\u00e5f\u00f6retagsdelegationen m\u00e5ste genomf\u00f6ras fullt ut.<\/li>\n<li>En \u00f6versyn av reglerna kring sjukpenningen f\u00f6r kulturskaparna m\u00e5ste genomf\u00f6ras.<\/li>\n<li>\u00d6kade kunskaper om aff\u00e4rsjuridik, marknadsf\u00f6ring och entrepren\u00f6rskap.<\/li>\n<\/ul>\n<p>[&#8230;]<\/p>\n<p>Tillv\u00e4xth\u00e4mmande faktorer p\u00e5 konstmarknaden:<\/p>\n<ul>\n<li>F\u00f6retagen saknar avdragsr\u00e4tt vid k\u00f6p av konst, vilket f\u00f6rsv\u00e5rar f\u00f6r konstn\u00e4rerna att finna avs\u00e4ttning f\u00f6r produkter och tj\u00e4nster inom det privata n\u00e4ringslivet.<\/li>\n<li>Komplicerad momssituation som medf\u00f6r att konstn\u00e4rer och best\u00e4llare\/kunder tvingas hantera upp till fyra olika momssatser.<\/li>\n<li>H\u00f6g moms (i regel 25 %) p\u00e5 gallerif\u00f6rs\u00e4ljning och uppdrag, vilket leder till h\u00f6ga priser som f\u00f6rsv\u00e5rar f\u00f6rs\u00e4ljning till privatkonsumenter.<\/li>\n<li>Den statliga rekommendationen om att avs\u00e4tta 1 % f\u00f6r konstn\u00e4rlig gestaltning vid ny- och tillbyggnader efterlevs i mycket begr\u00e4nsad omfattning (endast ca 40 % av kommunerna till\u00e4mpar regeln i n\u00e5gon form och endast i undantagsfall n\u00e5r man 1 %).<\/li>\n<li>Tullbest\u00e4mmelser f\u00f6rsv\u00e5rar och f\u00f6rdyrar utbyte med l\u00e4nder utanf\u00f6r EG-omr\u00e5det.<\/li>\n<li>M\u00f6jligheter till sponsring av konstn\u00e4rliga projekt \u00e4r begr\u00e4nsade.<\/li>\n<li>Stor brist p\u00e5 resurser till forskning och utveckling som befr\u00e4mjar ett b\u00e4ttre tillvaratagande av konstn\u00e4rlig kompetens i samh\u00e4llet som helhet.<\/li>\n<\/ul>\n<p>[&#8230;]\n<\/p><\/blockquote>\n<p><a href=\"http:\/\/intressant.se\/intressant\">Intressant.se<\/a><br \/>\nAndra bloggar om: <a href=\"http:\/\/bloggar.se\/om\/kulturministern\" rel=\"tag\">kulturministern<\/a>, <a href=\"http:\/\/bloggar.se\/om\/moderaterna\" rel=\"tag\">moderaterna<\/a>, <a href=\"http:\/\/bloggar.se\/om\/regeringen\" rel=\"tag\">regeringen<\/a>, <a href=\"http:\/\/bloggar.se\/om\/kulturpolitik\" rel=\"tag\">kulturpolitik<\/a>, <a href=\"http:\/\/bloggar.se\/om\/menl%F6st\" rel=\"tag\">menl\u00f6st<\/a><\/p>\n","protected":false},"excerpt":{"rendered":"<p>Lena Adelsohn Liljeroth verkar vara ett tryggt val. Sticker inte ut f\u00f6r mycket \u00e5t n\u00e5got h\u00e5ll. Tr\u00e5kig och trygg. Iallafall om det h\u00e4r \u00e4r representativt f\u00f6r den linje hon kommer f\u00f6ra: Sagt och gjort av Lena Adelsohn Liljeroth. Fr\u00e5n Motion 2005\/06:Kr252 Kulturskaparnas villkor: [&#8230;] N\u00e5gra av de f\u00f6rslag vi har f\u00f6r att ge landets kulturskapare &hellip; <a href=\"https:\/\/folin.nu\/blog\/2006\/10\/24\/i-stort-sett-menlos\/\" class=\"more-link\">Forts\u00e4tt l\u00e4sa <span class=\"screen-reader-text\">I stort sett menl\u00f6s<\/span> <span class=\"meta-nav\">&rarr;<\/span><\/a><\/p>\n","protected":false},"author":1,"featured_media":0,"comment_status":"open","ping_status":"open","sticky":false,"template":"","format":"standard","meta":{"footnotes":""},"categories":[],"tags":[],"class_list":["post-579","post","type-post","status-publish","format-standard","hentry"],"_links":{"self":[{"href":"https:\/\/folin.nu\/blog\/wp-json\/wp\/v2\/posts\/579","targetHints":{"allow":["GET"]}}],"collection":[{"href":"https:\/\/folin.nu\/blog\/wp-json\/wp\/v2\/posts"}],"about":[{"href":"https:\/\/folin.nu\/blog\/wp-json\/wp\/v2\/types\/post"}],"author":[{"embeddable":true,"href":"https:\/\/folin.nu\/blog\/wp-json\/wp\/v2\/users\/1"}],"replies":[{"embeddable":true,"href":"https:\/\/folin.nu\/blog\/wp-json\/wp\/v2\/comments?post=579"}],"version-history":[{"count":0,"href":"https:\/\/folin.nu\/blog\/wp-json\/wp\/v2\/posts\/579\/revisions"}],"wp:attachment":[{"href":"https:\/\/folin.nu\/blog\/wp-json\/wp\/v2\/media?parent=579"}],"wp:term":[{"taxonomy":"category","embeddable":true,"href":"https:\/\/folin.nu\/blog\/wp-json\/wp\/v2\/categories?post=579"},{"taxonomy":"post_tag","embeddable":true,"href":"https:\/\/folin.nu\/blog\/wp-json\/wp\/v2\/tags?post=579"}],"curies":[{"name":"wp","href":"https:\/\/api.w.org\/{rel}","templated":true}]}}