{"id":58,"date":"2006-01-17T01:21:47","date_gmt":"2006-01-17T00:21:47","guid":{"rendered":"https:\/\/folin.nu\/blog\/2006\/01\/17\/ungt-val-2006\/"},"modified":"2006-01-17T10:03:51","modified_gmt":"2006-01-17T09:03:51","slug":"ungt-val-2006","status":"publish","type":"post","link":"https:\/\/folin.nu\/blog\/2006\/01\/17\/ungt-val-2006\/","title":{"rendered":"Ungt Val 2006"},"content":{"rendered":"<p>P\u00e5 Aftonbladets och Lunarstorms valsida <a title=\"Ungt Val 2006\" href=\"http:\/\/www.ungtval.se\">Ungt Val 2006<\/a> finns ett <a href=\"http:\/\/www.ungtval.se\/index.aspx?mainstart=main&#038;article=759947\">test<\/a>. Jag \u00e4r lite f\u00f6rv\u00e5nad \u00f6ver resultatet. Visst, jag sympatiserar med dem ganska mycket men \u00e4nd\u00e5&#8230;<br \/>\nHej, jag heter Johan och jag \u00e4r centerpartist.<\/p>\n<p><a class=\"imagelink\" title=\"Resultat - Ungt Val 2006\" href=\"https:\/\/folin.nu\/blog\/wp-content\/uploads\/2006\/01\/ungtval.png\"><img loading=\"lazy\" decoding=\"async\" id=\"image57\" height=\"82\" alt=\"Resultat - Ungt Val 2006\" src=\"https:\/\/folin.nu\/blog\/wp-content\/uploads\/2006\/01\/ungtval.thumbnail.png\" width=\"232\" \/><\/a><br \/>\nTestet har en del tveksamheter. <a href=\"http:\/\/promemorian.blogspot.com\/2006\/01\/ledande-frgor-till-unga-vljare.html\">Jonas Morian<\/a> tar upp dem.<\/p>\n<p><strong>Uppdatering:<\/strong> \u00c4ven <a href=\"http:\/\/johannanylander.blogspot.com\/2006\/01\/den-socialdemokratiska-tidningens-ungt.html\">Johanna Nylander<\/a> tar upp testet. Jag h\u00e5ller med henne om att valet av fr\u00e5gor har avg\u00f6rande betydelse f\u00f6r resultatet. Jag gjorde testet tv\u00e5 g\u00e5nger till, med andra fr\u00e5gor, och blev endera folkpartist eller blandning milj\u00f6-\/centerpartist. Jag tror dock inte riktigt p\u00e5 hennes konspiratoriska slutsats.<\/p>\n","protected":false},"excerpt":{"rendered":"<p>P\u00e5 Aftonbladets och Lunarstorms valsida Ungt Val 2006 finns ett test. Jag \u00e4r lite f\u00f6rv\u00e5nad \u00f6ver resultatet. Visst, jag sympatiserar med dem ganska mycket men \u00e4nd\u00e5&#8230; Hej, jag heter Johan och jag \u00e4r centerpartist. Testet har en del tveksamheter. Jonas Morian tar upp dem. Uppdatering: \u00c4ven Johanna Nylander tar upp testet. Jag h\u00e5ller med henne &hellip; <a href=\"https:\/\/folin.nu\/blog\/2006\/01\/17\/ungt-val-2006\/\" class=\"more-link\">Forts\u00e4tt l\u00e4sa <span class=\"screen-reader-text\">Ungt Val 2006<\/span> <span class=\"meta-nav\">&rarr;<\/span><\/a><\/p>\n","protected":false},"author":1,"featured_media":0,"comment_status":"open","ping_status":"open","sticky":false,"template":"","format":"standard","meta":{"footnotes":""},"categories":[6,2],"tags":[],"class_list":["post-58","post","type-post","status-publish","format-standard","hentry","category-personligt","category-politik"],"_links":{"self":[{"href":"https:\/\/folin.nu\/blog\/wp-json\/wp\/v2\/posts\/58","targetHints":{"allow":["GET"]}}],"collection":[{"href":"https:\/\/folin.nu\/blog\/wp-json\/wp\/v2\/posts"}],"about":[{"href":"https:\/\/folin.nu\/blog\/wp-json\/wp\/v2\/types\/post"}],"author":[{"embeddable":true,"href":"https:\/\/folin.nu\/blog\/wp-json\/wp\/v2\/users\/1"}],"replies":[{"embeddable":true,"href":"https:\/\/folin.nu\/blog\/wp-json\/wp\/v2\/comments?post=58"}],"version-history":[{"count":0,"href":"https:\/\/folin.nu\/blog\/wp-json\/wp\/v2\/posts\/58\/revisions"}],"wp:attachment":[{"href":"https:\/\/folin.nu\/blog\/wp-json\/wp\/v2\/media?parent=58"}],"wp:term":[{"taxonomy":"category","embeddable":true,"href":"https:\/\/folin.nu\/blog\/wp-json\/wp\/v2\/categories?post=58"},{"taxonomy":"post_tag","embeddable":true,"href":"https:\/\/folin.nu\/blog\/wp-json\/wp\/v2\/tags?post=58"}],"curies":[{"name":"wp","href":"https:\/\/api.w.org\/{rel}","templated":true}]}}