{"id":618,"date":"2009-04-26T19:59:04","date_gmt":"2009-04-26T18:59:04","guid":{"rendered":"https:\/\/folin.nu\/blog\/?p=618"},"modified":"2009-04-26T19:59:04","modified_gmt":"2009-04-26T18:59:04","slug":"rattsvasendet-far-inte-ens-misstankas","status":"publish","type":"post","link":"https:\/\/folin.nu\/blog\/2009\/04\/26\/rattsvasendet-far-inte-ens-misstankas\/","title":{"rendered":"R\u00e4ttsv\u00e4sendet f\u00e5r inte ens misst\u00e4nkas"},"content":{"rendered":"<p>Som jag <a href=\"https:\/\/folin.nu\/blog\/2008\/12\/12\/stureakademin-egoboost\/\">tidigare<\/a> <a href=\"https:\/\/folin.nu\/blog\/2009\/03\/03\/fullproppad-med-information\/\">ber\u00e4ttat<\/a> deltar jag f\u00f6r tillf\u00e4llet i <a href=\"http:\/\/www.stureakademin.se\">Stureakademin<\/a>, <a href=\"http:\/\/www.timbro.se\">Timbros<\/a> utbildningsprogram (&#8221;Dagens talanger. Morgondagens tankar&#8221;; det l\u00e5ter som jag det). Inf\u00f6r v\u00e5r tredje helgtr\u00e4ff fick vi i uppgift att skriva en ledare om valfritt \u00e4mne som varit aktuellt den g\u00e5ngna veckan. Jag valde &#8211; vilket s\u00e4kerligen \u00e4ven flera andra deltagare har gjort &#8211; utvecklingen i Pirate Bay-r\u00e4tteg\u00e5ngen och fr\u00e5gan kring r\u00e5dmannen Tomas Norstr\u00f6ms j\u00e4vsituation.<\/p>\n<blockquote><p>Efter tingsr\u00e4ttens f\u00e4llande dom mot personerna bakom fildelningssajten the Pirate Bay f\u00f6rra fredagen har det uppdagats att tingsr\u00e4ttens ordf\u00f6rande i m\u00e5let, r\u00e5dmannen Tomas Norstr\u00f6m, \u00e4r engagerad i tv\u00e5 f\u00f6reningar som arbetar med upphovsr\u00e4ttsfr\u00e5gor p\u00e5 olika vis. Dessa \u00e4r Svenska f\u00f6reningen f\u00f6r upphovsr\u00e4tt (SFU), d\u00e4r Norstr\u00f6m \u00e4r medlem och Svenska f\u00f6reningen f\u00f6r industriellt r\u00e4ttsskydd (SFIR), d\u00e4r Norstr\u00f6m sitter i styrelsen. SFU beskriver sig sj\u00e4lva som en \u201dm\u00f6tesplats f\u00f6r kvalificerade upphovsr\u00e4ttsliga diskussioner\u201d och tar officiellt inte st\u00e4llning i lagstiftningsfr\u00e5gor; man svarar exempelvis inte p\u00e5 remisser. D\u00e4remot \u00e4r \u00e4ven tre av m\u00e5ls\u00e4garnas representanter i Pirate Bay-r\u00e4tteg\u00e5ngen medlemmar i f\u00f6reningen och en av dessa, advokaten Monique Wadsted, \u00e4r dessutom kollega med Norstr\u00f6m i Stiftelsen f\u00f6r internetinfrastruktur, d\u00e4r b\u00e5da arbetar extra. SFIR, d\u00e4r Norstr\u00f6m sitter i styrelsen, har varit remissinstans f\u00f6r lagf\u00f6rslag om patent och upphovsr\u00e4tt och arbetar f\u00f6r att ytterligare st\u00e4rka patent- och upphovsr\u00e4tten.<\/p>\n<p>En av n\u00e4mndem\u00e4nnen som skulle delta i Pirate Bay-r\u00e4tteg\u00e5ngen \u00e4r medlem i F\u00f6reningen Svenska Tons\u00e4ttare. N\u00e4mndemannen tog sj\u00e4lv beslutet, efter inr\u00e5dan av Norstr\u00f6m, att avst\u00e5 fr\u00e5n att delta i r\u00e4tteg\u00e5ngen p\u00e5 grund av risken f\u00f6r att misstanke om j\u00e4v skulle uppst\u00e5. Att Norstr\u00f6m i det skedet inte inser att hans egna engagemang skulle kunna v\u00e4cka samma misstankar \u00e4r anm\u00e4rkningsv\u00e4rt.<\/p>\n<p>Det upphovsr\u00e4ttskritiska n\u00e4tverket Piratbyr\u00e5n, som startade och drev the Pirate Bay innan det blev en separat verksamhet, kallade redan innan r\u00e4tteg\u00e5ngen startade hela processen f\u00f6r Spectrial, en sammanfogning av orden spectacle (spektakel) och trial (r\u00e4tteg\u00e5ng). Piratbyr\u00e5n menar att r\u00e4tteg\u00e5ngen och h\u00e4ndelserna kring den kan liknas vid en teaterf\u00f6ljetong. F\u00f6r Piratbyr\u00e5n och en stor del av ungdomsgenerationen, som Fredrik Reinfeldt innan valet 2006 lovade att man inte skulle jaga, har \u00e5talet mot the Pirate Bay hela tiden setts som en politisk r\u00e4tteg\u00e5ng. Det \u00e4r den idealistiska ungdomen mot en kapitalstark upphovsr\u00e4ttsindustri och det r\u00e5der knappast n\u00e5gon brist p\u00e5 dramatik f\u00f6r att kunna se det som en politisk teater. N\u00e4r m\u00e4rkliga saker intr\u00e4ffar, som n\u00e4r \u00e5klagaren efter n\u00e4stan tre \u00e5rs f\u00f6rberedelser k\u00e4nde sig tvungen att stryka en av de viktigaste \u00e5talspunkterna i r\u00e4tteg\u00e5ngens inledande skede, f\u00f6rst\u00e4rks naturligtvis uppfattningen att det mest \u00e4r en teaterf\u00f6rest\u00e4llning. N\u00e4r \u00e5klagaren g\u00f6r misstag uppfattas det mest som en fars och kaxiga kommentarer fr\u00e5n de \u00e5talades bidrar ytterligare till den uppfattningen.<\/p>\n<p>N\u00e4r en stor del av ungdomsgenerationen inte l\u00e4ngre ser en r\u00e4tteg\u00e5ng som ett s\u00e4tt att ta reda p\u00e5 om n\u00e5gon har beg\u00e5tt ett brott utan som politisk f\u00f6rf\u00f6ljelse g\u00e4ller det att vara extra noga med att g\u00f6ra allting p\u00e5 r\u00e4tt s\u00e4tt. Oavsett om Norstr\u00f6ms medlemskap i SFU och SFIR p\u00e5verkat tingsr\u00e4ttens dom eller ej \u00e4r blotta misstanken om att s\u00e5 har skett allvarlig. Det kan i f\u00f6rl\u00e4ngningen leda till att respekten och f\u00f6rtroendet f\u00f6r r\u00e4ttssamh\u00e4llet \u2013 och domstolarnas uppr\u00e4tth\u00e5llande av det \u2013 riskerar att n\u00f6tas bort. D\u00e5 \u00e4r det inte l\u00e4ngre en komedi eller fars \u2013 d\u00e5 \u00e4r det en tragedi.<\/p><\/blockquote>\n<p>Andra <a href=\"http:\/\/intressant.se\/intressant\">bloggar<\/a> om: <a href=\"http:\/\/bloggar.se\/om\/tpb\" rel=\"tag\">tpb<\/a>, <a href=\"http:\/\/bloggar.se\/om\/the+pirate+bay\" rel=\"tag\">the pirate bay<\/a>, <a href=\"http:\/\/bloggar.se\/om\/tomas+norstr%F6m\" rel=\"tag\">tomas norstr\u00f6m<\/a>, <a href=\"http:\/\/bloggar.se\/om\/j%E4v\" rel=\"tag\">j\u00e4v<\/a>, <a href=\"http:\/\/bloggar.se\/om\/stureakademin\" rel=\"tag\">stureakademin<\/a>, <a href=\"http:\/\/bloggar.se\/om\/timbro\" rel=\"tag\">timbro<\/a>, <a href=\"http:\/\/bloggar.se\/om\/caesars+hustru\" rel=\"tag\">caesars hustru<\/a><\/p>\n","protected":false},"excerpt":{"rendered":"<p>Som jag tidigare ber\u00e4ttat deltar jag f\u00f6r tillf\u00e4llet i Stureakademin, Timbros utbildningsprogram (&#8221;Dagens talanger. Morgondagens tankar&#8221;; det l\u00e5ter som jag det). Inf\u00f6r v\u00e5r tredje helgtr\u00e4ff fick vi i uppgift att skriva en ledare om valfritt \u00e4mne som varit aktuellt den g\u00e5ngna veckan. Jag valde &#8211; vilket s\u00e4kerligen \u00e4ven flera andra deltagare har gjort &#8211; utvecklingen &hellip; <a href=\"https:\/\/folin.nu\/blog\/2009\/04\/26\/rattsvasendet-far-inte-ens-misstankas\/\" class=\"more-link\">Forts\u00e4tt l\u00e4sa <span class=\"screen-reader-text\">R\u00e4ttsv\u00e4sendet f\u00e5r inte ens misst\u00e4nkas<\/span> <span class=\"meta-nav\">&rarr;<\/span><\/a><\/p>\n","protected":false},"author":1,"featured_media":0,"comment_status":"open","ping_status":"open","sticky":false,"template":"","format":"standard","meta":{"footnotes":""},"categories":[17,8,2,14],"tags":[],"class_list":["post-618","post","type-post","status-publish","format-standard","hentry","category-inrikes","category-juridik","category-politik","category-upphovsratt"],"_links":{"self":[{"href":"https:\/\/folin.nu\/blog\/wp-json\/wp\/v2\/posts\/618","targetHints":{"allow":["GET"]}}],"collection":[{"href":"https:\/\/folin.nu\/blog\/wp-json\/wp\/v2\/posts"}],"about":[{"href":"https:\/\/folin.nu\/blog\/wp-json\/wp\/v2\/types\/post"}],"author":[{"embeddable":true,"href":"https:\/\/folin.nu\/blog\/wp-json\/wp\/v2\/users\/1"}],"replies":[{"embeddable":true,"href":"https:\/\/folin.nu\/blog\/wp-json\/wp\/v2\/comments?post=618"}],"version-history":[{"count":3,"href":"https:\/\/folin.nu\/blog\/wp-json\/wp\/v2\/posts\/618\/revisions"}],"predecessor-version":[{"id":621,"href":"https:\/\/folin.nu\/blog\/wp-json\/wp\/v2\/posts\/618\/revisions\/621"}],"wp:attachment":[{"href":"https:\/\/folin.nu\/blog\/wp-json\/wp\/v2\/media?parent=618"}],"wp:term":[{"taxonomy":"category","embeddable":true,"href":"https:\/\/folin.nu\/blog\/wp-json\/wp\/v2\/categories?post=618"},{"taxonomy":"post_tag","embeddable":true,"href":"https:\/\/folin.nu\/blog\/wp-json\/wp\/v2\/tags?post=618"}],"curies":[{"name":"wp","href":"https:\/\/api.w.org\/{rel}","templated":true}]}}