{"id":654,"date":"2009-07-14T09:39:19","date_gmt":"2009-07-14T07:39:19","guid":{"rendered":"https:\/\/folin.nu\/blog\/?p=654"},"modified":"2009-07-15T09:38:57","modified_gmt":"2009-07-15T07:38:57","slug":"det-ar-svart-att-fixa-eget-boende","status":"publish","type":"post","link":"https:\/\/folin.nu\/blog\/2009\/07\/14\/det-ar-svart-att-fixa-eget-boende\/","title":{"rendered":"Det \u00e4r sv\u00e5rt att fixa eget boende"},"content":{"rendered":"<p>Ig\u00e5r p\u00e5b\u00f6rjade jag ett nytt sommarvikariat p\u00e5 S\u00f6dermanlands Nyheters ledarredaktion. I fem veckor kommer jag h\u00e4va ur mig texter i opinionsbildande syfte och f\u00e5 betalt f\u00f6r det. Det \u00e4r en bra deal.<\/p>\n<p><a href=\"http:\/\/www.sn.se\/asikter\/ledare\/1.424009\">Dagens text<\/a> handlar om bostadssituationen i Stockholm med utg\u00e5ngspunkt i <a href=\"http:\/\/www.svd.se\/nyheter\/inrikes\/artikel_3195533.svd\">Lars Ohlys missn\u00f6je<\/a> med att Vickan och Danne inte beh\u00f6ver fixa sitt boende sj\u00e4lva.<\/p>\n<blockquote><p>Victoria och Daniel skulle antagligen inte ha n\u00e5gra problem att ordna boende sj\u00e4lva, med tanke p\u00e5 sina kontakter och ekonomiska resurser. Problemet \u00e4r just att det \u00e4r stockholmare med f\u00f6rutseende f\u00f6r\u00e4ldrar, kontakter eller gott om pengar som snabbt kan ordna ett stabilt boende i Stockholm.<\/p><\/blockquote>\n<p>Andra <a href=\"http:\/\/intressant.se\/intressant\">bloggar<\/a> om <a href=\"http:\/\/bloggar.se\/om\/sn\" rel=\"tag\">sn<\/a>, <a href=\"http:\/\/bloggar.se\/om\/lars+ohly\" rel=\"tag\">lars ohly<\/a>, <a href=\"http:\/\/bloggar.se\/om\/kronprinsessan+victoria\" rel=\"tag\">kronprinsessan victoria<\/a>, <a href=\"http:\/\/bloggar.se\/om\/bostadsmarknaden\" rel=\"tag\">bostadsmarknaden<\/a><\/p>\n","protected":false},"excerpt":{"rendered":"<p>Ig\u00e5r p\u00e5b\u00f6rjade jag ett nytt sommarvikariat p\u00e5 S\u00f6dermanlands Nyheters ledarredaktion. I fem veckor kommer jag h\u00e4va ur mig texter i opinionsbildande syfte och f\u00e5 betalt f\u00f6r det. Det \u00e4r en bra deal. Dagens text handlar om bostadssituationen i Stockholm med utg\u00e5ngspunkt i Lars Ohlys missn\u00f6je med att Vickan och Danne inte beh\u00f6ver fixa sitt boende &hellip; <a href=\"https:\/\/folin.nu\/blog\/2009\/07\/14\/det-ar-svart-att-fixa-eget-boende\/\" class=\"more-link\">Forts\u00e4tt l\u00e4sa <span class=\"screen-reader-text\">Det \u00e4r sv\u00e5rt att fixa eget boende<\/span> <span class=\"meta-nav\">&rarr;<\/span><\/a><\/p>\n","protected":false},"author":1,"featured_media":0,"comment_status":"open","ping_status":"open","sticky":false,"template":"","format":"standard","meta":{"footnotes":""},"categories":[17,2],"tags":[],"class_list":["post-654","post","type-post","status-publish","format-standard","hentry","category-inrikes","category-politik"],"_links":{"self":[{"href":"https:\/\/folin.nu\/blog\/wp-json\/wp\/v2\/posts\/654","targetHints":{"allow":["GET"]}}],"collection":[{"href":"https:\/\/folin.nu\/blog\/wp-json\/wp\/v2\/posts"}],"about":[{"href":"https:\/\/folin.nu\/blog\/wp-json\/wp\/v2\/types\/post"}],"author":[{"embeddable":true,"href":"https:\/\/folin.nu\/blog\/wp-json\/wp\/v2\/users\/1"}],"replies":[{"embeddable":true,"href":"https:\/\/folin.nu\/blog\/wp-json\/wp\/v2\/comments?post=654"}],"version-history":[{"count":5,"href":"https:\/\/folin.nu\/blog\/wp-json\/wp\/v2\/posts\/654\/revisions"}],"predecessor-version":[{"id":661,"href":"https:\/\/folin.nu\/blog\/wp-json\/wp\/v2\/posts\/654\/revisions\/661"}],"wp:attachment":[{"href":"https:\/\/folin.nu\/blog\/wp-json\/wp\/v2\/media?parent=654"}],"wp:term":[{"taxonomy":"category","embeddable":true,"href":"https:\/\/folin.nu\/blog\/wp-json\/wp\/v2\/categories?post=654"},{"taxonomy":"post_tag","embeddable":true,"href":"https:\/\/folin.nu\/blog\/wp-json\/wp\/v2\/tags?post=654"}],"curies":[{"name":"wp","href":"https:\/\/api.w.org\/{rel}","templated":true}]}}