{"id":717,"date":"2009-08-10T11:26:38","date_gmt":"2009-08-10T09:26:38","guid":{"rendered":"https:\/\/folin.nu\/blog\/?p=717"},"modified":"2009-08-10T11:26:38","modified_gmt":"2009-08-10T09:26:38","slug":"lars-ohly-som-ministerkandidat","status":"publish","type":"post","link":"https:\/\/folin.nu\/blog\/2009\/08\/10\/lars-ohly-som-ministerkandidat\/","title":{"rendered":"Lars Ohly som ministerkandidat"},"content":{"rendered":"<p><a href=\"http:\/\/www.sn.se\/asikter\/ledare\/1.445774\">Dagens huvudledare<\/a> utg\u00e5r fr\u00e5n Lars Ohlys sommartal i Gnesta i g\u00e5r, och st\u00e4ller fr\u00e5gan: vilken ministerpost kommer Lars Ohly att f\u00e5 vid ett regeringsskifte?<\/p>\n<blockquote><p>De ekonomer som tycker att det \u00e4r en god ekonomisk investering att bygga kommunala badhus \u00e4r ganska f\u00e5, och Finanspolitiska r\u00e5det har inte n\u00e4mnt fr\u00e5gan. Det beror p\u00e5 att Lars Ohlys uttalande \u00e4r nonsens. Finanspolitiska r\u00e5det n\u00e4mner d\u00e4remot att stimulanser av ekonomin b\u00f6r vara branschneutrala. Det avsnittet i rapporten har nog Lars Ohly missat.<\/p><\/blockquote>\n<p>Andra <a href=\"http:\/\/intressant.se\/intressant\">bloggar<\/a> om: <a href=\"http:\/\/bloggar.se\/om\/lars+ohly\" rel=\"tag\">lars ohly<\/a>, <a href=\"http:\/\/bloggar.se\/om\/v%E4nsterpartiet\" rel=\"tag\">v\u00e4nsterpartiet<\/a>, <a href=\"http:\/\/bloggar.se\/om\/2010\" rel=\"tag\">2010<\/a>, <a href=\"http:\/\/bloggar.se\/om\/regeringsalternativ\" rel=\"tag\">regeringsalternativ<\/a><\/p>\n","protected":false},"excerpt":{"rendered":"<p>Dagens huvudledare utg\u00e5r fr\u00e5n Lars Ohlys sommartal i Gnesta i g\u00e5r, och st\u00e4ller fr\u00e5gan: vilken ministerpost kommer Lars Ohly att f\u00e5 vid ett regeringsskifte? De ekonomer som tycker att det \u00e4r en god ekonomisk investering att bygga kommunala badhus \u00e4r ganska f\u00e5, och Finanspolitiska r\u00e5det har inte n\u00e4mnt fr\u00e5gan. Det beror p\u00e5 att Lars Ohlys &hellip; <a href=\"https:\/\/folin.nu\/blog\/2009\/08\/10\/lars-ohly-som-ministerkandidat\/\" class=\"more-link\">Forts\u00e4tt l\u00e4sa <span class=\"screen-reader-text\">Lars Ohly som ministerkandidat<\/span> <span class=\"meta-nav\">&rarr;<\/span><\/a><\/p>\n","protected":false},"author":1,"featured_media":0,"comment_status":"open","ping_status":"open","sticky":false,"template":"","format":"standard","meta":{"footnotes":""},"categories":[17,2],"tags":[],"class_list":["post-717","post","type-post","status-publish","format-standard","hentry","category-inrikes","category-politik"],"_links":{"self":[{"href":"https:\/\/folin.nu\/blog\/wp-json\/wp\/v2\/posts\/717","targetHints":{"allow":["GET"]}}],"collection":[{"href":"https:\/\/folin.nu\/blog\/wp-json\/wp\/v2\/posts"}],"about":[{"href":"https:\/\/folin.nu\/blog\/wp-json\/wp\/v2\/types\/post"}],"author":[{"embeddable":true,"href":"https:\/\/folin.nu\/blog\/wp-json\/wp\/v2\/users\/1"}],"replies":[{"embeddable":true,"href":"https:\/\/folin.nu\/blog\/wp-json\/wp\/v2\/comments?post=717"}],"version-history":[{"count":1,"href":"https:\/\/folin.nu\/blog\/wp-json\/wp\/v2\/posts\/717\/revisions"}],"predecessor-version":[{"id":718,"href":"https:\/\/folin.nu\/blog\/wp-json\/wp\/v2\/posts\/717\/revisions\/718"}],"wp:attachment":[{"href":"https:\/\/folin.nu\/blog\/wp-json\/wp\/v2\/media?parent=717"}],"wp:term":[{"taxonomy":"category","embeddable":true,"href":"https:\/\/folin.nu\/blog\/wp-json\/wp\/v2\/categories?post=717"},{"taxonomy":"post_tag","embeddable":true,"href":"https:\/\/folin.nu\/blog\/wp-json\/wp\/v2\/tags?post=717"}],"curies":[{"name":"wp","href":"https:\/\/api.w.org\/{rel}","templated":true}]}}