{"id":721,"date":"2009-08-12T10:26:43","date_gmt":"2009-08-12T08:26:43","guid":{"rendered":"https:\/\/folin.nu\/blog\/?p=721"},"modified":"2009-08-12T10:26:43","modified_gmt":"2009-08-12T08:26:43","slug":"var-inte-arg-pa-greenpeace","status":"publish","type":"post","link":"https:\/\/folin.nu\/blog\/2009\/08\/12\/var-inte-arg-pa-greenpeace\/","title":{"rendered":"Var inte arg p\u00e5 Greenpeace"},"content":{"rendered":"<p>Jordbruksminister Eskil Erlandsson \u00e4r arg p\u00e5 Greenpeace, men borde han vara det? I <a href=\"http:\/\/www.sn.se\/asikter\/ledare\/1.446883\">dagens ledare<\/a> tycker jag att Greenpeace har l\u00f6st ett problem \u00e5t regeringen.<\/p>\n<blockquote><p>Greenpeace har ett rykte om sig att vara v\u00e4ldigt radikala och inte alltid ha respekt f\u00f6r lagen, men inf\u00f6r den h\u00e4r aktionen har Greenpeace gjort en milj\u00f6konsekvensbeskrivning och faktiskt s\u00f6kt och f\u00e5tt tillst\u00e5nd fr\u00e5n b\u00e5de l\u00e4nsstyrelsen i Halland och milj\u00f6domstolen.<\/p><\/blockquote>\n<p>Andra <a href=\"http:\/\/intressant.se\/intressant\">bloggar<\/a> om: <a href=\"http:\/\/bloggar.se\/om\/milj%F6\" rel=\"tag\">milj\u00f6<\/a>, <a href=\"http:\/\/bloggar.se\/om\/greenpeace\" rel=\"tag\">greenpeace<\/a>, <a href=\"http:\/\/bloggar.se\/om\/natura+2000\" rel=\"tag\">natura 2000<\/a>, <a href=\"http:\/\/bloggar.se\/om\/habitatdirektivet\" rel=\"tag\">habitatdirektivet<\/a>, <a href=\"http:\/\/bloggar.se\/om\/torskfiske\" rel=\"tag\">torskfiske<\/a>, <a href=\"http:\/\/bloggar.se\/om\/bottentr%E5lning\" rel=\"tag\">bottentr\u00e5lning<\/a><\/p>\n","protected":false},"excerpt":{"rendered":"<p>Jordbruksminister Eskil Erlandsson \u00e4r arg p\u00e5 Greenpeace, men borde han vara det? I dagens ledare tycker jag att Greenpeace har l\u00f6st ett problem \u00e5t regeringen. Greenpeace har ett rykte om sig att vara v\u00e4ldigt radikala och inte alltid ha respekt f\u00f6r lagen, men inf\u00f6r den h\u00e4r aktionen har Greenpeace gjort en milj\u00f6konsekvensbeskrivning och faktiskt s\u00f6kt &hellip; <a href=\"https:\/\/folin.nu\/blog\/2009\/08\/12\/var-inte-arg-pa-greenpeace\/\" class=\"more-link\">Forts\u00e4tt l\u00e4sa <span class=\"screen-reader-text\">Var inte arg p\u00e5 Greenpeace<\/span> <span class=\"meta-nav\">&rarr;<\/span><\/a><\/p>\n","protected":false},"author":1,"featured_media":0,"comment_status":"open","ping_status":"open","sticky":false,"template":"","format":"standard","meta":{"footnotes":""},"categories":[26,2],"tags":[],"class_list":["post-721","post","type-post","status-publish","format-standard","hentry","category-miljo","category-politik"],"_links":{"self":[{"href":"https:\/\/folin.nu\/blog\/wp-json\/wp\/v2\/posts\/721","targetHints":{"allow":["GET"]}}],"collection":[{"href":"https:\/\/folin.nu\/blog\/wp-json\/wp\/v2\/posts"}],"about":[{"href":"https:\/\/folin.nu\/blog\/wp-json\/wp\/v2\/types\/post"}],"author":[{"embeddable":true,"href":"https:\/\/folin.nu\/blog\/wp-json\/wp\/v2\/users\/1"}],"replies":[{"embeddable":true,"href":"https:\/\/folin.nu\/blog\/wp-json\/wp\/v2\/comments?post=721"}],"version-history":[{"count":1,"href":"https:\/\/folin.nu\/blog\/wp-json\/wp\/v2\/posts\/721\/revisions"}],"predecessor-version":[{"id":722,"href":"https:\/\/folin.nu\/blog\/wp-json\/wp\/v2\/posts\/721\/revisions\/722"}],"wp:attachment":[{"href":"https:\/\/folin.nu\/blog\/wp-json\/wp\/v2\/media?parent=721"}],"wp:term":[{"taxonomy":"category","embeddable":true,"href":"https:\/\/folin.nu\/blog\/wp-json\/wp\/v2\/categories?post=721"},{"taxonomy":"post_tag","embeddable":true,"href":"https:\/\/folin.nu\/blog\/wp-json\/wp\/v2\/tags?post=721"}],"curies":[{"name":"wp","href":"https:\/\/api.w.org\/{rel}","templated":true}]}}