{"id":727,"date":"2009-08-14T09:19:59","date_gmt":"2009-08-14T07:19:59","guid":{"rendered":"https:\/\/folin.nu\/blog\/?p=727"},"modified":"2009-08-14T09:19:59","modified_gmt":"2009-08-14T07:19:59","slug":"reglerna-har-inte-foljts","status":"publish","type":"post","link":"https:\/\/folin.nu\/blog\/2009\/08\/14\/reglerna-har-inte-foljts\/","title":{"rendered":"&#8221;Reglerna har inte f\u00f6ljts&#8221;"},"content":{"rendered":"<p><a href=\"https:\/\/folin.nu\/blog\/2009\/08\/12\/var-inte-arg-pa-greenpeace\/\">Ledaren i onsdags om Greenpeace<\/a> inneh\u00f6ll tyv\u00e4rr ett sakfel ang\u00e5ende tillst\u00e5ndsprocessen. D\u00e4rf\u00f6r fick jag naturligtvis ett argt brev fr\u00e5n Fredrik Lindberg, som \u00e4r ombudman f\u00f6r Sveriges Fiskares Riksf\u00f6rbund. Hans brev och mitt svar till honom publiceras p\u00e5 <a href=\"http:\/\/www.sn.se\/asikter\/brevtillledarsidan\/1.448948\">dagens ledarsida<\/a>.<\/p>\n<p>Fredrik Lindberg:<\/p>\n<blockquote><p>JF skrev att Greenpeace f\u00e5tt tillst\u00e5nd fr\u00e5n L\u00e4nsstyrelsen i Halland och milj\u00f6domstolen. Detta\u00ad \u00e4r totalt felaktigt. L\u00e4nsstyrelsen ans\u00e5g att tillst\u00e5nd inte beh\u00f6vdes\u00ad.<\/p><\/blockquote>\n<p>Ur mitt svar:<\/p>\n<blockquote><p>Att Naturv\u00e5rdsverkets \u00adbed\u00f6mning av tillst\u00e5ndsbehovet skulle vara korrekt \u00e4r inte s\u00e4kert eftersom\u00ad \u2013 som FL sj\u00e4lv skriver \u2013 milj\u00f6domstolen inte har fattat n\u00e5got beslut i fr\u00e5gan. Om milj\u00f6domstolen fattar samma beslut som l\u00e4nsstyrelsen har Greenpeace handlat r\u00e4tt.<\/p><\/blockquote>\n<p>Andra <a href=\"http:\/\/intressant.se\/intressant\">bloggar<\/a> om: <a href=\"http:\/\/bloggar.se\/om\/yrkesfiske\" rel=\"tag\">yrkesfiske<\/a>, <a href=\"http:\/\/bloggar.se\/om\/greenpeace\" rel=\"tag\">greenpeace<\/a>, <a href=\"http:\/\/bloggar.se\/om\/sveriges+fiskares+riksf%F6rbund\" rel=\"tag\">sveriges fiskares riksf\u00f6rbund<\/a>, <a href=\"http:\/\/bloggar.se\/om\/yrkesfiskarna\" rel=\"tag\">yrkesfiskarna<\/a>, <a href=\"http:\/\/bloggar.se\/om\/egenintresse\" rel=\"tag\">egenintresse<\/a><\/p>\n","protected":false},"excerpt":{"rendered":"<p>Ledaren i onsdags om Greenpeace inneh\u00f6ll tyv\u00e4rr ett sakfel ang\u00e5ende tillst\u00e5ndsprocessen. D\u00e4rf\u00f6r fick jag naturligtvis ett argt brev fr\u00e5n Fredrik Lindberg, som \u00e4r ombudman f\u00f6r Sveriges Fiskares Riksf\u00f6rbund. Hans brev och mitt svar till honom publiceras p\u00e5 dagens ledarsida. Fredrik Lindberg: JF skrev att Greenpeace f\u00e5tt tillst\u00e5nd fr\u00e5n L\u00e4nsstyrelsen i Halland och milj\u00f6domstolen. Detta\u00ad \u00e4r &hellip; <a href=\"https:\/\/folin.nu\/blog\/2009\/08\/14\/reglerna-har-inte-foljts\/\" class=\"more-link\">Forts\u00e4tt l\u00e4sa <span class=\"screen-reader-text\">&#8221;Reglerna har inte f\u00f6ljts&#8221;<\/span> <span class=\"meta-nav\">&rarr;<\/span><\/a><\/p>\n","protected":false},"author":1,"featured_media":0,"comment_status":"open","ping_status":"open","sticky":false,"template":"","format":"standard","meta":{"footnotes":""},"categories":[26,2],"tags":[],"class_list":["post-727","post","type-post","status-publish","format-standard","hentry","category-miljo","category-politik"],"_links":{"self":[{"href":"https:\/\/folin.nu\/blog\/wp-json\/wp\/v2\/posts\/727","targetHints":{"allow":["GET"]}}],"collection":[{"href":"https:\/\/folin.nu\/blog\/wp-json\/wp\/v2\/posts"}],"about":[{"href":"https:\/\/folin.nu\/blog\/wp-json\/wp\/v2\/types\/post"}],"author":[{"embeddable":true,"href":"https:\/\/folin.nu\/blog\/wp-json\/wp\/v2\/users\/1"}],"replies":[{"embeddable":true,"href":"https:\/\/folin.nu\/blog\/wp-json\/wp\/v2\/comments?post=727"}],"version-history":[{"count":1,"href":"https:\/\/folin.nu\/blog\/wp-json\/wp\/v2\/posts\/727\/revisions"}],"predecessor-version":[{"id":728,"href":"https:\/\/folin.nu\/blog\/wp-json\/wp\/v2\/posts\/727\/revisions\/728"}],"wp:attachment":[{"href":"https:\/\/folin.nu\/blog\/wp-json\/wp\/v2\/media?parent=727"}],"wp:term":[{"taxonomy":"category","embeddable":true,"href":"https:\/\/folin.nu\/blog\/wp-json\/wp\/v2\/categories?post=727"},{"taxonomy":"post_tag","embeddable":true,"href":"https:\/\/folin.nu\/blog\/wp-json\/wp\/v2\/tags?post=727"}],"curies":[{"name":"wp","href":"https:\/\/api.w.org\/{rel}","templated":true}]}}