{"id":729,"date":"2009-08-16T15:11:04","date_gmt":"2009-08-16T13:11:04","guid":{"rendered":"https:\/\/folin.nu\/blog\/?p=729"},"modified":"2009-08-16T15:11:04","modified_gmt":"2009-08-16T13:11:04","slug":"foreningsfriheten-for-poliser-ar-inte-hotad","status":"publish","type":"post","link":"https:\/\/folin.nu\/blog\/2009\/08\/16\/foreningsfriheten-for-poliser-ar-inte-hotad\/","title":{"rendered":"F\u00f6reningsfriheten f\u00f6r poliser \u00e4r inte hotad"},"content":{"rendered":"<p>Fr\u00e5gan om poliser kan sitta i ledningen f\u00f6r kommunernas socialn\u00e4mnder har aktualiserats efter att tre poliser i V\u00e4sterbotten ombetts att avg\u00e5 fr\u00e5n sina n\u00e4mnder. Om f\u00f6reningsfrihet och lagar som st\u00e5r emot varandra handlar <a href=\"http:\/\/www.sn.se\/asikter\/ledare\/1.449810\">g\u00e5rdagens ledare<\/a>.<\/p>\n<blockquote><p>Att poliser inte skulle kunna engagera\u00ad sig politiskt, och att polis\u00admyndighetens \u00adbesked d\u00e4rf\u00f6r skulle strida mot grundlagen\u00ad, \u00e4r inte aktuellt h\u00e4r. \u00adPoliserna har inte \u00aduppmanats att g\u00e5 ur sina partier eller \u00adandra eventuella f\u00f6rtroende\u00aduppdrag. Det handlar\u00ad enbart om att det inte \u00e4r l\u00e4mpligt att sitta i\u2009\u2009ledningen\u00ad av en social\u00adn\u00e4mnd d\u00e4r sekretess\u00adbelagd \u00adinformation om \u00adbeg\u00e5ngna brott kan komma fram n\u00e4r man som \u00adpolis har rapporterings\u00adskyldighet.<\/p><\/blockquote>\n<p>Andra <a href=\"http:\/\/intressant.se\/intressant\">bloggar<\/a> om: <a href=\"http:\/\/bloggar.se\/om\/f%F6reningsfrihet\" rel=\"tag\">f\u00f6reningsfrihet<\/a>, <a href=\"http:\/\/bloggar.se\/om\/polisen\" rel=\"tag\">polisen<\/a>, <a href=\"http:\/\/bloggar.se\/om\/sekretesslagen\" rel=\"tag\">sekretesslagen<\/a>, <a href=\"http:\/\/bloggar.se\/om\/polislagen\" rel=\"tag\">polislagen<\/a><\/p>\n","protected":false},"excerpt":{"rendered":"<p>Fr\u00e5gan om poliser kan sitta i ledningen f\u00f6r kommunernas socialn\u00e4mnder har aktualiserats efter att tre poliser i V\u00e4sterbotten ombetts att avg\u00e5 fr\u00e5n sina n\u00e4mnder. Om f\u00f6reningsfrihet och lagar som st\u00e5r emot varandra handlar g\u00e5rdagens ledare. Att poliser inte skulle kunna engagera\u00ad sig politiskt, och att polis\u00admyndighetens \u00adbesked d\u00e4rf\u00f6r skulle strida mot grundlagen\u00ad, \u00e4r inte aktuellt &hellip; <a href=\"https:\/\/folin.nu\/blog\/2009\/08\/16\/foreningsfriheten-for-poliser-ar-inte-hotad\/\" class=\"more-link\">Forts\u00e4tt l\u00e4sa <span class=\"screen-reader-text\">F\u00f6reningsfriheten f\u00f6r poliser \u00e4r inte hotad<\/span> <span class=\"meta-nav\">&rarr;<\/span><\/a><\/p>\n","protected":false},"author":1,"featured_media":0,"comment_status":"open","ping_status":"open","sticky":false,"template":"","format":"standard","meta":{"footnotes":""},"categories":[17,8,2],"tags":[],"class_list":["post-729","post","type-post","status-publish","format-standard","hentry","category-inrikes","category-juridik","category-politik"],"_links":{"self":[{"href":"https:\/\/folin.nu\/blog\/wp-json\/wp\/v2\/posts\/729","targetHints":{"allow":["GET"]}}],"collection":[{"href":"https:\/\/folin.nu\/blog\/wp-json\/wp\/v2\/posts"}],"about":[{"href":"https:\/\/folin.nu\/blog\/wp-json\/wp\/v2\/types\/post"}],"author":[{"embeddable":true,"href":"https:\/\/folin.nu\/blog\/wp-json\/wp\/v2\/users\/1"}],"replies":[{"embeddable":true,"href":"https:\/\/folin.nu\/blog\/wp-json\/wp\/v2\/comments?post=729"}],"version-history":[{"count":2,"href":"https:\/\/folin.nu\/blog\/wp-json\/wp\/v2\/posts\/729\/revisions"}],"predecessor-version":[{"id":731,"href":"https:\/\/folin.nu\/blog\/wp-json\/wp\/v2\/posts\/729\/revisions\/731"}],"wp:attachment":[{"href":"https:\/\/folin.nu\/blog\/wp-json\/wp\/v2\/media?parent=729"}],"wp:term":[{"taxonomy":"category","embeddable":true,"href":"https:\/\/folin.nu\/blog\/wp-json\/wp\/v2\/categories?post=729"},{"taxonomy":"post_tag","embeddable":true,"href":"https:\/\/folin.nu\/blog\/wp-json\/wp\/v2\/tags?post=729"}],"curies":[{"name":"wp","href":"https:\/\/api.w.org\/{rel}","templated":true}]}}