{"id":756,"date":"2009-10-08T23:47:28","date_gmt":"2009-10-08T21:47:28","guid":{"rendered":"https:\/\/folin.nu\/blog\/?p=756"},"modified":"2009-10-08T23:47:28","modified_gmt":"2009-10-08T21:47:28","slug":"ansok-till-stureakademin","status":"publish","type":"post","link":"https:\/\/folin.nu\/blog\/2009\/10\/08\/ansok-till-stureakademin\/","title":{"rendered":"Ans\u00f6k till Stureakademin"},"content":{"rendered":"<p>Sedan januari i \u00e5r har jag deltagit i Timbros utbildningsprogram Stureakademin. Jag har skrivit lite om <a href=\"https:\/\/folin.nu\/blog\/2009\/03\/03\/fullproppad-med-information\/\">mina erfarenheter<\/a> och publicerat <a href=\"https:\/\/folin.nu\/blog\/2009\/04\/26\/rattsvasendet-far-inte-ens-misstankas\/\">ett alster<\/a> tidigare.<br \/>\nStureakademin riktar sig framf\u00f6r allt till studenter mellan 20 och 25 \u00e5r, men det \u00e4r inga fasta gr\u00e4nser eller krav. Sj\u00e4lv var jag p\u00e5 mitt tjugosjunde \u00e5r n\u00e4r jag ans\u00f6kte. N\u00e5gra av de andra deltagarna arbetar; inte alla \u00e4r studenter.<\/p>\n<blockquote><p>Programmet varvar egna studier med en exklusiv f\u00f6rel\u00e4sningsserie med framst\u00e5ende forskare, f\u00f6rfattare, journalister, politiker och andra opinionsbildare. Deltagarna tr\u00e4ffas fyra l\u00e5nghelger (fre-s\u00f6n) och ett antal vardagskv\u00e4llar utspridda under \u00e5ret (februari-november). Programmet avslutas med ett examensarbete och en studieresa till Washington D.C. En gedigen skrivutbildning ing\u00e5r ocks\u00e5. <\/p><\/blockquote>\n<blockquote><p>Att delta i Stureakademin kostar 1 000 kr per termin. D\u00e5 ing\u00e5r resor inom Sverige, mat och boende samt studieresan till USA. Det finns m\u00f6jlighet att s\u00f6ka stipendium f\u00f6r att t\u00e4cka hela eller en del av kostnaden. <\/p><\/blockquote>\n<p>Nu p\u00e5 m\u00e5ndag \u00e4r v\u00e5rt sista m\u00f6te innan resan till Washington, D.C., som inleds om tre veckor. Vi ska bland annat bes\u00f6ka <a href=\"http:\/\/www.cato.org\">Cato<\/a>, <a href=\"http:\/\/www.house.gov\/\">kongressen<\/a>, <a href=\"http:\/\/aei.org\/\">American Enterprise Institute<\/a>, <a href=\"http:\/\/www.heritage.org\/\">Heritage Foundation<\/a> och <a href=\"http:\/\/www.americanprogress.org\/\">Center for American Progress<\/a>.<\/p>\n<p>Jag kan varmt rekommendera den som \u00e4r intresserad av politik i n\u00e5gon form och betecknar sig som liberal eller borgerlig (vi har kristdemokrater och faktiskt till och med f\u00f6re detta SSU:are i klassen) att s\u00f6ka. Jag har utvecklat mitt politiska skrivande och tycker att mina ledartexter har h\u00e5llt h\u00f6gre kvalitet i \u00e5r \u00e4n tidigare. Det borde ju naturligtvis vara fallet \u00e4nd\u00e5, men <a href=\"http:\/\/sv.wikipedia.org\/wiki\/H%C3%A5kan_Hagwall\">H\u00e5kan Hagwalls<\/a> kritik av mina texter har hj\u00e4lpt mig att f\u00e5 bort mindre lyckade formuleringar och gett mig ett s\u00e4tt att bli mer strukturerad i skrivandet.<\/p>\n<p>Mer information finns p\u00e5 <a href=\"http:\/\/www.stureakademin.se\/\">Stureakademins webbsajt<\/a>.<\/p>\n<p>Andra <a href=\"http:\/\/intressant.se\/intressant\">bloggar<\/a> om: <a href=\"http:\/\/bloggar.se\/om\/stureakademin\" rel=\"tag\">stureakademin<\/a>, <a href=\"http:\/\/bloggar.se\/om\/timbro\" rel=\"tag\">timbro<\/a>, <a href=\"http:\/\/bloggar.se\/om\/politik\" rel=\"tag\">politik<\/a><\/p>\n","protected":false},"excerpt":{"rendered":"<p>Sedan januari i \u00e5r har jag deltagit i Timbros utbildningsprogram Stureakademin. Jag har skrivit lite om mina erfarenheter och publicerat ett alster tidigare. Stureakademin riktar sig framf\u00f6r allt till studenter mellan 20 och 25 \u00e5r, men det \u00e4r inga fasta gr\u00e4nser eller krav. Sj\u00e4lv var jag p\u00e5 mitt tjugosjunde \u00e5r n\u00e4r jag ans\u00f6kte. N\u00e5gra av &hellip; <a href=\"https:\/\/folin.nu\/blog\/2009\/10\/08\/ansok-till-stureakademin\/\" class=\"more-link\">Forts\u00e4tt l\u00e4sa <span class=\"screen-reader-text\">Ans\u00f6k till Stureakademin<\/span> <span class=\"meta-nav\">&rarr;<\/span><\/a><\/p>\n","protected":false},"author":1,"featured_media":0,"comment_status":"open","ping_status":"open","sticky":false,"template":"","format":"standard","meta":{"footnotes":""},"categories":[2],"tags":[],"class_list":["post-756","post","type-post","status-publish","format-standard","hentry","category-politik"],"_links":{"self":[{"href":"https:\/\/folin.nu\/blog\/wp-json\/wp\/v2\/posts\/756","targetHints":{"allow":["GET"]}}],"collection":[{"href":"https:\/\/folin.nu\/blog\/wp-json\/wp\/v2\/posts"}],"about":[{"href":"https:\/\/folin.nu\/blog\/wp-json\/wp\/v2\/types\/post"}],"author":[{"embeddable":true,"href":"https:\/\/folin.nu\/blog\/wp-json\/wp\/v2\/users\/1"}],"replies":[{"embeddable":true,"href":"https:\/\/folin.nu\/blog\/wp-json\/wp\/v2\/comments?post=756"}],"version-history":[{"count":2,"href":"https:\/\/folin.nu\/blog\/wp-json\/wp\/v2\/posts\/756\/revisions"}],"predecessor-version":[{"id":758,"href":"https:\/\/folin.nu\/blog\/wp-json\/wp\/v2\/posts\/756\/revisions\/758"}],"wp:attachment":[{"href":"https:\/\/folin.nu\/blog\/wp-json\/wp\/v2\/media?parent=756"}],"wp:term":[{"taxonomy":"category","embeddable":true,"href":"https:\/\/folin.nu\/blog\/wp-json\/wp\/v2\/categories?post=756"},{"taxonomy":"post_tag","embeddable":true,"href":"https:\/\/folin.nu\/blog\/wp-json\/wp\/v2\/tags?post=756"}],"curies":[{"name":"wp","href":"https:\/\/api.w.org\/{rel}","templated":true}]}}