{"id":870,"date":"2010-04-16T12:01:02","date_gmt":"2010-04-16T10:01:02","guid":{"rendered":"https:\/\/folin.nu\/blog\/?p=870"},"modified":"2010-04-16T12:01:02","modified_gmt":"2010-04-16T10:01:02","slug":"regeringen-tar-inte-tag-i-problemen","status":"publish","type":"post","link":"https:\/\/folin.nu\/blog\/2010\/04\/16\/regeringen-tar-inte-tag-i-problemen\/","title":{"rendered":"Regeringen tar inte tag i problemen"},"content":{"rendered":"<p><a href=\"http:\/\/kvp.expressen.se\/ledare\/1.1954162\/johan-folin-regeringen-tar-inte-tag-i-problemen\">Dagens ledare<\/a> handlar om ungdomsarbetsl\u00f6sheten och regeringens ovilja att pr\u00f6va nya metoder.<\/p>\n<blockquote><p>En av skillnaderna mellan dansk och svensk arbetsmarknad \u00e4r villkoren f\u00f6r upps\u00e4gning. I Danmark \u00e4r det l\u00e4ttare att bli av med sitt jobb, men av just den anledningen \u00e4r det ocks\u00e5 l\u00e4ttare att f\u00e5 ett jobb; en arbetsgivare som l\u00e4ttare kan r\u00e4tta till felrekryteringar \u00e4r mer ben\u00e4gen att anst\u00e4lla opr\u00f6vade ungdomar.<\/p><\/blockquote>\n<p>L\u00e4s \u00e4ven andra <a href=\"http:\/\/intressant.se\/intressant\">bloggares<\/a> \u00e5sikter om <a href=\"http:\/\/bloggar.se\/om\/ungdomsarbetsl%F6shet\" rel=\"tag\">ungdomsarbetsl\u00f6shet<\/a>, <a href=\"http:\/\/bloggar.se\/om\/danmark\" rel=\"tag\">danmark<\/a>, <a href=\"http:\/\/bloggar.se\/om\/flexicurity\" rel=\"tag\">flexicurity<\/a>, <a href=\"http:\/\/bloggar.se\/om\/turordningsregler\" rel=\"tag\">turordningsregler<\/a>, <a href=\"http:\/\/bloggar.se\/om\/las\" rel=\"tag\">las<\/a><\/p>\n","protected":false},"excerpt":{"rendered":"<p>Dagens ledare handlar om ungdomsarbetsl\u00f6sheten och regeringens ovilja att pr\u00f6va nya metoder. En av skillnaderna mellan dansk och svensk arbetsmarknad \u00e4r villkoren f\u00f6r upps\u00e4gning. I Danmark \u00e4r det l\u00e4ttare att bli av med sitt jobb, men av just den anledningen \u00e4r det ocks\u00e5 l\u00e4ttare att f\u00e5 ett jobb; en arbetsgivare som l\u00e4ttare kan r\u00e4tta till &hellip; <a href=\"https:\/\/folin.nu\/blog\/2010\/04\/16\/regeringen-tar-inte-tag-i-problemen\/\" class=\"more-link\">Forts\u00e4tt l\u00e4sa <span class=\"screen-reader-text\">Regeringen tar inte tag i problemen<\/span> <span class=\"meta-nav\">&rarr;<\/span><\/a><\/p>\n","protected":false},"author":1,"featured_media":0,"comment_status":"open","ping_status":"open","sticky":false,"template":"","format":"standard","meta":{"footnotes":""},"categories":[16,17,2],"tags":[],"class_list":["post-870","post","type-post","status-publish","format-standard","hentry","category-ekonomi","category-inrikes","category-politik"],"_links":{"self":[{"href":"https:\/\/folin.nu\/blog\/wp-json\/wp\/v2\/posts\/870","targetHints":{"allow":["GET"]}}],"collection":[{"href":"https:\/\/folin.nu\/blog\/wp-json\/wp\/v2\/posts"}],"about":[{"href":"https:\/\/folin.nu\/blog\/wp-json\/wp\/v2\/types\/post"}],"author":[{"embeddable":true,"href":"https:\/\/folin.nu\/blog\/wp-json\/wp\/v2\/users\/1"}],"replies":[{"embeddable":true,"href":"https:\/\/folin.nu\/blog\/wp-json\/wp\/v2\/comments?post=870"}],"version-history":[{"count":1,"href":"https:\/\/folin.nu\/blog\/wp-json\/wp\/v2\/posts\/870\/revisions"}],"predecessor-version":[{"id":871,"href":"https:\/\/folin.nu\/blog\/wp-json\/wp\/v2\/posts\/870\/revisions\/871"}],"wp:attachment":[{"href":"https:\/\/folin.nu\/blog\/wp-json\/wp\/v2\/media?parent=870"}],"wp:term":[{"taxonomy":"category","embeddable":true,"href":"https:\/\/folin.nu\/blog\/wp-json\/wp\/v2\/categories?post=870"},{"taxonomy":"post_tag","embeddable":true,"href":"https:\/\/folin.nu\/blog\/wp-json\/wp\/v2\/tags?post=870"}],"curies":[{"name":"wp","href":"https:\/\/api.w.org\/{rel}","templated":true}]}}