{"id":872,"date":"2010-04-21T10:14:01","date_gmt":"2010-04-21T08:14:01","guid":{"rendered":"https:\/\/folin.nu\/blog\/?p=872"},"modified":"2010-04-21T10:14:01","modified_gmt":"2010-04-21T08:14:01","slug":"klassisk-socialdemokratisk-skattehojning","status":"publish","type":"post","link":"https:\/\/folin.nu\/blog\/2010\/04\/21\/klassisk-socialdemokratisk-skattehojning\/","title":{"rendered":"Klassisk socialdemokratisk skatteh\u00f6jning"},"content":{"rendered":"<p>Socialdemokraterna i Lund och Region Sk\u00e5ne tror att mer pengar \u00e4r universall\u00f6sningen f\u00f6r b\u00e4ttre kvalitet inom v\u00e5rd, skola och omsorg och vill d\u00e4rf\u00f6r h\u00f6ja skatten med en krona efter valet. I dagens <a href=\"http:\/\/kvp.expressen.se\/ledare\/1.1959604\/johan-folin-klassisk-social-demokratisk-skattehojning\">Kv\u00e4llsposten<\/a> f\u00f6rs\u00f6ker jag f\u00f6rklara varf\u00f6r det inte kommer f\u00e5 avsedd effekt.<\/p>\n<blockquote><p>Problemen som finns inom v\u00e4lf\u00e4rdssektorn i Lund beror allts\u00e5 inte p\u00e5 brist p\u00e5 pengar. Mer pengar kanske kan ge en aning b\u00e4ttre resultat, men genom att anv\u00e4nda pengarna mer effektivt kan kvaliteten h\u00f6jas och kostnaderna \u00e4nd\u00e5 sjunka.<\/p><\/blockquote>\n<p>L\u00e4s \u00e4ven andra <a href=\"http:\/\/intressant.se\/intressant\">bloggares<\/a> \u00e5sikter om <a href=\"http:\/\/bloggar.se\/om\/lund\" rel=\"tag\">lund<\/a>, <a href=\"http:\/\/bloggar.se\/om\/socialdemokraterna\" rel=\"tag\">socialdemokraterna<\/a>, <a href=\"http:\/\/bloggar.se\/om\/region+sk%E5ne\" rel=\"tag\">region sk\u00e5ne<\/a>, <a href=\"http:\/\/bloggar.se\/om\/v%E5rdskolaomsorg\" rel=\"tag\">v\u00e5rdskolaomsorg<\/a><\/p>\n","protected":false},"excerpt":{"rendered":"<p>Socialdemokraterna i Lund och Region Sk\u00e5ne tror att mer pengar \u00e4r universall\u00f6sningen f\u00f6r b\u00e4ttre kvalitet inom v\u00e5rd, skola och omsorg och vill d\u00e4rf\u00f6r h\u00f6ja skatten med en krona efter valet. I dagens Kv\u00e4llsposten f\u00f6rs\u00f6ker jag f\u00f6rklara varf\u00f6r det inte kommer f\u00e5 avsedd effekt. Problemen som finns inom v\u00e4lf\u00e4rdssektorn i Lund beror allts\u00e5 inte p\u00e5 brist &hellip; <a href=\"https:\/\/folin.nu\/blog\/2010\/04\/21\/klassisk-socialdemokratisk-skattehojning\/\" class=\"more-link\">Forts\u00e4tt l\u00e4sa <span class=\"screen-reader-text\">Klassisk socialdemokratisk skatteh\u00f6jning<\/span> <span class=\"meta-nav\">&rarr;<\/span><\/a><\/p>\n","protected":false},"author":1,"featured_media":0,"comment_status":"open","ping_status":"open","sticky":false,"template":"","format":"standard","meta":{"footnotes":""},"categories":[16,17,2],"tags":[],"class_list":["post-872","post","type-post","status-publish","format-standard","hentry","category-ekonomi","category-inrikes","category-politik"],"_links":{"self":[{"href":"https:\/\/folin.nu\/blog\/wp-json\/wp\/v2\/posts\/872","targetHints":{"allow":["GET"]}}],"collection":[{"href":"https:\/\/folin.nu\/blog\/wp-json\/wp\/v2\/posts"}],"about":[{"href":"https:\/\/folin.nu\/blog\/wp-json\/wp\/v2\/types\/post"}],"author":[{"embeddable":true,"href":"https:\/\/folin.nu\/blog\/wp-json\/wp\/v2\/users\/1"}],"replies":[{"embeddable":true,"href":"https:\/\/folin.nu\/blog\/wp-json\/wp\/v2\/comments?post=872"}],"version-history":[{"count":1,"href":"https:\/\/folin.nu\/blog\/wp-json\/wp\/v2\/posts\/872\/revisions"}],"predecessor-version":[{"id":873,"href":"https:\/\/folin.nu\/blog\/wp-json\/wp\/v2\/posts\/872\/revisions\/873"}],"wp:attachment":[{"href":"https:\/\/folin.nu\/blog\/wp-json\/wp\/v2\/media?parent=872"}],"wp:term":[{"taxonomy":"category","embeddable":true,"href":"https:\/\/folin.nu\/blog\/wp-json\/wp\/v2\/categories?post=872"},{"taxonomy":"post_tag","embeddable":true,"href":"https:\/\/folin.nu\/blog\/wp-json\/wp\/v2\/tags?post=872"}],"curies":[{"name":"wp","href":"https:\/\/api.w.org\/{rel}","templated":true}]}}