{"id":878,"date":"2010-04-18T11:55:26","date_gmt":"2010-04-18T09:55:26","guid":{"rendered":"https:\/\/folin.nu\/blog\/?p=878"},"modified":"2010-04-23T12:03:18","modified_gmt":"2010-04-23T10:03:18","slug":"mindre-styrning-battre-beredskap","status":"publish","type":"post","link":"https:\/\/folin.nu\/blog\/2010\/04\/18\/mindre-styrning-battre-beredskap\/","title":{"rendered":"Mindre styrning &#8211; b\u00e4ttre beredskap"},"content":{"rendered":"<p><a href=\"http:\/\/kvp.expressen.se\/ledare\/1.1956264\/johan-folin-mindre-styrning-battre-beredskap\">Dagens ledare<\/a> handlar om hur askmolnet fr\u00e5n Eyjafjallaj\u00f6kull p\u00e5verkar v\u00e5r vardag och hur vi hanterar det.<\/p>\n<blockquote><p>V\u00e4ntade och ov\u00e4ntade problem dyker upp med j\u00e4mna mellanrum. Att, som Milj\u00f6partiet vill, f\u00f6rbjuda flygtrafik inom Sverige s\u00f6der om Sundsvall eller att ignorera utbyggnadsbehov av v\u00e4gn\u00e4tet med motiveringen att m\u00e4nniskor ska \u00e5ka t\u00e5g i st\u00e4llet leder till s\u00e4mre beredskap n\u00e4r problemen v\u00e4l intr\u00e4ffar.<\/p><\/blockquote>\n<p>L\u00e4s \u00e4ven andra <a href=\"http:\/\/intressant.se\/intressant\">bloggares<\/a> \u00e5sikter om <a href=\"http:\/\/bloggar.se\/om\/askmolnet\" rel=\"tag\">askmolnet<\/a>, <a href=\"http:\/\/bloggar.se\/om\/flyg\" rel=\"tag\">flyg<\/a>, <a href=\"http:\/\/bloggar.se\/om\/milj%F6partiet\" rel=\"tag\">milj\u00f6partiet<\/a>, <a href=\"http:\/\/bloggar.se\/om\/valfrihet\" rel=\"tag\">valfrihet<\/a><\/p>\n","protected":false},"excerpt":{"rendered":"<p>Dagens ledare handlar om hur askmolnet fr\u00e5n Eyjafjallaj\u00f6kull p\u00e5verkar v\u00e5r vardag och hur vi hanterar det. V\u00e4ntade och ov\u00e4ntade problem dyker upp med j\u00e4mna mellanrum. Att, som Milj\u00f6partiet vill, f\u00f6rbjuda flygtrafik inom Sverige s\u00f6der om Sundsvall eller att ignorera utbyggnadsbehov av v\u00e4gn\u00e4tet med motiveringen att m\u00e4nniskor ska \u00e5ka t\u00e5g i st\u00e4llet leder till s\u00e4mre beredskap &hellip; <a href=\"https:\/\/folin.nu\/blog\/2010\/04\/18\/mindre-styrning-battre-beredskap\/\" class=\"more-link\">Forts\u00e4tt l\u00e4sa <span class=\"screen-reader-text\">Mindre styrning &#8211; b\u00e4ttre beredskap<\/span> <span class=\"meta-nav\">&rarr;<\/span><\/a><\/p>\n","protected":false},"author":1,"featured_media":0,"comment_status":"open","ping_status":"open","sticky":false,"template":"","format":"standard","meta":{"footnotes":""},"categories":[26,2],"tags":[],"class_list":["post-878","post","type-post","status-publish","format-standard","hentry","category-miljo","category-politik"],"_links":{"self":[{"href":"https:\/\/folin.nu\/blog\/wp-json\/wp\/v2\/posts\/878","targetHints":{"allow":["GET"]}}],"collection":[{"href":"https:\/\/folin.nu\/blog\/wp-json\/wp\/v2\/posts"}],"about":[{"href":"https:\/\/folin.nu\/blog\/wp-json\/wp\/v2\/types\/post"}],"author":[{"embeddable":true,"href":"https:\/\/folin.nu\/blog\/wp-json\/wp\/v2\/users\/1"}],"replies":[{"embeddable":true,"href":"https:\/\/folin.nu\/blog\/wp-json\/wp\/v2\/comments?post=878"}],"version-history":[{"count":1,"href":"https:\/\/folin.nu\/blog\/wp-json\/wp\/v2\/posts\/878\/revisions"}],"predecessor-version":[{"id":879,"href":"https:\/\/folin.nu\/blog\/wp-json\/wp\/v2\/posts\/878\/revisions\/879"}],"wp:attachment":[{"href":"https:\/\/folin.nu\/blog\/wp-json\/wp\/v2\/media?parent=878"}],"wp:term":[{"taxonomy":"category","embeddable":true,"href":"https:\/\/folin.nu\/blog\/wp-json\/wp\/v2\/categories?post=878"},{"taxonomy":"post_tag","embeddable":true,"href":"https:\/\/folin.nu\/blog\/wp-json\/wp\/v2\/tags?post=878"}],"curies":[{"name":"wp","href":"https:\/\/api.w.org\/{rel}","templated":true}]}}