{"id":888,"date":"2010-05-03T09:49:22","date_gmt":"2010-05-03T07:49:22","guid":{"rendered":"https:\/\/folin.nu\/blog\/?p=888"},"modified":"2010-05-03T09:49:22","modified_gmt":"2010-05-03T07:49:22","slug":"svenskarna-%e2%80%93-ett-skattealskande-folk","status":"publish","type":"post","link":"https:\/\/folin.nu\/blog\/2010\/05\/03\/svenskarna-%e2%80%93-ett-skattealskande-folk\/","title":{"rendered":"Svenskarna \u2013 ett skatte\u00e4lskande folk"},"content":{"rendered":"<p><a href=\"http:\/\/kvp.expressen.se\/ledare\/1.1973845\/johan-folin-svenskarna-ett-skattealskande-folk\">Dagens ledare i Kv\u00e4llsposten<\/a> handlar om skatter och deklaration.<\/p>\n<blockquote><p>I dag \u00e4r sista dagen att l\u00e4mna in sin sj\u00e4lvdeklaration. F\u00f6r oss som har betalat f\u00f6r mycket skatt under \u00e5ret kommer deklarationspapperen och senare slutskattebeskedet som en g\u00e5va: &#8221;\u00c5h, ska jag f\u00e5 pengar fr\u00e5n skatteverket?&#8221;<br \/>\nFast sanningen \u00e4r ju att skatteverket har l\u00e5nat pengarna av oss, utan att betala r\u00e4nta.<\/p><\/blockquote>\n<p>L\u00e4s \u00e4ven andra <a href=\"http:\/\/intressant.se\/intressant\">bloggares<\/a> \u00e5sikter om <a href=\"http:\/\/bloggar.se\/om\/skatter\" rel=\"tag\">skatter<\/a>, <a href=\"http:\/\/bloggar.se\/om\/deklaration\" rel=\"tag\">deklaration<\/a>, <a href=\"http:\/\/bloggar.se\/om\/f%F6rm%F6genhetsskatt\" rel=\"tag\">f\u00f6rm\u00f6genhetsskatt<\/a><\/p>\n","protected":false},"excerpt":{"rendered":"<p>Dagens ledare i Kv\u00e4llsposten handlar om skatter och deklaration. I dag \u00e4r sista dagen att l\u00e4mna in sin sj\u00e4lvdeklaration. F\u00f6r oss som har betalat f\u00f6r mycket skatt under \u00e5ret kommer deklarationspapperen och senare slutskattebeskedet som en g\u00e5va: &#8221;\u00c5h, ska jag f\u00e5 pengar fr\u00e5n skatteverket?&#8221; Fast sanningen \u00e4r ju att skatteverket har l\u00e5nat pengarna av oss, &hellip; <a href=\"https:\/\/folin.nu\/blog\/2010\/05\/03\/svenskarna-%e2%80%93-ett-skattealskande-folk\/\" class=\"more-link\">Forts\u00e4tt l\u00e4sa <span class=\"screen-reader-text\">Svenskarna \u2013 ett skatte\u00e4lskande folk<\/span> <span class=\"meta-nav\">&rarr;<\/span><\/a><\/p>\n","protected":false},"author":1,"featured_media":0,"comment_status":"open","ping_status":"open","sticky":false,"template":"","format":"standard","meta":{"footnotes":""},"categories":[16,17,2],"tags":[],"class_list":["post-888","post","type-post","status-publish","format-standard","hentry","category-ekonomi","category-inrikes","category-politik"],"_links":{"self":[{"href":"https:\/\/folin.nu\/blog\/wp-json\/wp\/v2\/posts\/888","targetHints":{"allow":["GET"]}}],"collection":[{"href":"https:\/\/folin.nu\/blog\/wp-json\/wp\/v2\/posts"}],"about":[{"href":"https:\/\/folin.nu\/blog\/wp-json\/wp\/v2\/types\/post"}],"author":[{"embeddable":true,"href":"https:\/\/folin.nu\/blog\/wp-json\/wp\/v2\/users\/1"}],"replies":[{"embeddable":true,"href":"https:\/\/folin.nu\/blog\/wp-json\/wp\/v2\/comments?post=888"}],"version-history":[{"count":1,"href":"https:\/\/folin.nu\/blog\/wp-json\/wp\/v2\/posts\/888\/revisions"}],"predecessor-version":[{"id":889,"href":"https:\/\/folin.nu\/blog\/wp-json\/wp\/v2\/posts\/888\/revisions\/889"}],"wp:attachment":[{"href":"https:\/\/folin.nu\/blog\/wp-json\/wp\/v2\/media?parent=888"}],"wp:term":[{"taxonomy":"category","embeddable":true,"href":"https:\/\/folin.nu\/blog\/wp-json\/wp\/v2\/categories?post=888"},{"taxonomy":"post_tag","embeddable":true,"href":"https:\/\/folin.nu\/blog\/wp-json\/wp\/v2\/tags?post=888"}],"curies":[{"name":"wp","href":"https:\/\/api.w.org\/{rel}","templated":true}]}}