{"id":898,"date":"2010-05-10T11:24:59","date_gmt":"2010-05-10T09:24:59","guid":{"rendered":"https:\/\/folin.nu\/blog\/?p=898"},"modified":"2010-05-10T11:47:04","modified_gmt":"2010-05-10T09:47:04","slug":"aras-den-som-aras-bor","status":"publish","type":"post","link":"https:\/\/folin.nu\/blog\/2010\/05\/10\/aras-den-som-aras-bor\/","title":{"rendered":"\u00c4ras den som \u00e4ras b\u00f6r"},"content":{"rendered":"<p><a href=\"http:\/\/kvp.expressen.se\/ledare\/1.1979349\/johan-fohlin-aras-den-aras-bor-som\">Fredagens ledare<\/a> i Kv\u00e4llsposten handlar om hur politiker och offentliganst\u00e4llda i h\u00f6g position ofta vill ta \u00e5t sig \u00e4ran f\u00f6r stora projekt.<\/p>\n<blockquote><p>Genom att anordna en t\u00e4vling i st\u00e4llet f\u00f6r att s\u00e4lja eller hyra ut mark till h\u00f6gstbjudande kunde Malm\u00f6s topp-politiker gl\u00e4nsa n\u00e4r det vinnande f\u00f6rslaget presenterades.<br \/>\nOm marknadens mekanismer hade f\u00e5tt r\u00e5da, som Ilmar Reepalu h\u00e4vdar kommer ske n\u00e4r det g\u00e4ller \u00e4gande och drift av anl\u00e4ggningen, hade politikerna varit involverade s\u00e5 lite som m\u00f6jligt.<\/p><\/blockquote>\n<p>L\u00e4s \u00e4ven andra bloggares \u00e5sikter om <a href=\"http:\/\/bloggar.se\/om\/ilmar+reepalu\" rel=\"tag\">ilmar reepalu<\/a>, <a href=\"http:\/\/bloggar.se\/om\/malm%F6\" rel=\"tag\">malm\u00f6<\/a>, <a href=\"http:\/\/bloggar.se\/om\/lund\" rel=\"tag\">lund<\/a>, <a href=\"http:\/\/bloggar.se\/om\/per+eriksson\" rel=\"tag\">per eriksson<\/a>, <a href=\"http:\/\/bloggar.se\/om\/%E4regirighet\" rel=\"tag\">\u00e4regirighet<\/a><\/p>\n","protected":false},"excerpt":{"rendered":"<p>Fredagens ledare i Kv\u00e4llsposten handlar om hur politiker och offentliganst\u00e4llda i h\u00f6g position ofta vill ta \u00e5t sig \u00e4ran f\u00f6r stora projekt. Genom att anordna en t\u00e4vling i st\u00e4llet f\u00f6r att s\u00e4lja eller hyra ut mark till h\u00f6gstbjudande kunde Malm\u00f6s topp-politiker gl\u00e4nsa n\u00e4r det vinnande f\u00f6rslaget presenterades. Om marknadens mekanismer hade f\u00e5tt r\u00e5da, som Ilmar &hellip; <a href=\"https:\/\/folin.nu\/blog\/2010\/05\/10\/aras-den-som-aras-bor\/\" class=\"more-link\">Forts\u00e4tt l\u00e4sa <span class=\"screen-reader-text\">\u00c4ras den som \u00e4ras b\u00f6r<\/span> <span class=\"meta-nav\">&rarr;<\/span><\/a><\/p>\n","protected":false},"author":1,"featured_media":0,"comment_status":"open","ping_status":"open","sticky":false,"template":"","format":"standard","meta":{"footnotes":""},"categories":[17,2],"tags":[],"class_list":["post-898","post","type-post","status-publish","format-standard","hentry","category-inrikes","category-politik"],"_links":{"self":[{"href":"https:\/\/folin.nu\/blog\/wp-json\/wp\/v2\/posts\/898","targetHints":{"allow":["GET"]}}],"collection":[{"href":"https:\/\/folin.nu\/blog\/wp-json\/wp\/v2\/posts"}],"about":[{"href":"https:\/\/folin.nu\/blog\/wp-json\/wp\/v2\/types\/post"}],"author":[{"embeddable":true,"href":"https:\/\/folin.nu\/blog\/wp-json\/wp\/v2\/users\/1"}],"replies":[{"embeddable":true,"href":"https:\/\/folin.nu\/blog\/wp-json\/wp\/v2\/comments?post=898"}],"version-history":[{"count":2,"href":"https:\/\/folin.nu\/blog\/wp-json\/wp\/v2\/posts\/898\/revisions"}],"predecessor-version":[{"id":900,"href":"https:\/\/folin.nu\/blog\/wp-json\/wp\/v2\/posts\/898\/revisions\/900"}],"wp:attachment":[{"href":"https:\/\/folin.nu\/blog\/wp-json\/wp\/v2\/media?parent=898"}],"wp:term":[{"taxonomy":"category","embeddable":true,"href":"https:\/\/folin.nu\/blog\/wp-json\/wp\/v2\/categories?post=898"},{"taxonomy":"post_tag","embeddable":true,"href":"https:\/\/folin.nu\/blog\/wp-json\/wp\/v2\/tags?post=898"}],"curies":[{"name":"wp","href":"https:\/\/api.w.org\/{rel}","templated":true}]}}