{"id":903,"date":"2010-05-12T11:06:58","date_gmt":"2010-05-12T09:06:58","guid":{"rendered":"https:\/\/folin.nu\/blog\/?p=903"},"modified":"2010-05-12T11:06:58","modified_gmt":"2010-05-12T09:06:58","slug":"forbjuden-fisk-enligt-eus-fiskerad","status":"publish","type":"post","link":"https:\/\/folin.nu\/blog\/2010\/05\/12\/forbjuden-fisk-enligt-eus-fiskerad\/","title":{"rendered":"F\u00f6rbjuden fisk, enligt EU:s fisker\u00e5d"},"content":{"rendered":"<p>EU:s fisker\u00e5d som utg\u00f6rs av fiskeministrarna i EU har beslutat att fritidsfiskare <a href=\"http:\/\/eur-lex.europa.eu\/LexUriServ\/LexUriServ.do?uri=OJ:L:2009:343:0001:01:SV:HTML\">inte ska f\u00e5 s\u00e4lja sin f\u00e5ngst<\/a>. Det tycker jag \u00e4r f\u00e5nigt och d\u00e4rf\u00f6r handlar <a href=\"http:\/\/www.expressen.se\/Nyheter\/1.1985038\/johan-folin-forbjuden-fisk-enligt-eu-s-fiskerad\">dagens ledare i Kv\u00e4llsposten<\/a> om det.<\/p>\n<blockquote><p>Ett f\u00f6rbud mot f\u00f6rs\u00e4ljning av f\u00e5ngst fr\u00e5n fritidsfiske &#8211; som i de allra flesta fall \u00e4r f\u00f6rsumbart j\u00e4mf\u00f6rt med yrkesfisket &#8211; l\u00e4r d\u00e4rf\u00f6r inte g\u00f6ra varken till eller fr\u00e5n vad g\u00e4ller fisken\u00e4ringens f\u00f6ruts\u00e4ttningar eller fiskebest\u00e5ndens storlek. Det finns d\u00e4remot en risk att EU-medborgarnas respekt och f\u00f6rst\u00e5else f\u00f6r lagstiftning och regleringar minskar.<\/p><\/blockquote>\n<p>L\u00e4s \u00e4ven andra <a href=\"http:\/\/intressant.se\/intressant\">bloggares<\/a> \u00e5sikter om <a href=\"http:\/\/bloggar.se\/om\/fiske\" rel=\"tag\">fiske<\/a>, <a href=\"http:\/\/bloggar.se\/om\/fritidsfiske\" rel=\"tag\">fritidsfiske<\/a>, <a href=\"http:\/\/bloggar.se\/om\/eu\" rel=\"tag\">eu<\/a>, <a href=\"http:\/\/bloggar.se\/om\/f%F6rbud\" rel=\"tag\">f\u00f6rbud<\/a>, <a href=\"http:\/\/bloggar.se\/om\/trams\" rel=\"tag\">trams<\/a><\/p>\n","protected":false},"excerpt":{"rendered":"<p>EU:s fisker\u00e5d som utg\u00f6rs av fiskeministrarna i EU har beslutat att fritidsfiskare inte ska f\u00e5 s\u00e4lja sin f\u00e5ngst. Det tycker jag \u00e4r f\u00e5nigt och d\u00e4rf\u00f6r handlar dagens ledare i Kv\u00e4llsposten om det. Ett f\u00f6rbud mot f\u00f6rs\u00e4ljning av f\u00e5ngst fr\u00e5n fritidsfiske &#8211; som i de allra flesta fall \u00e4r f\u00f6rsumbart j\u00e4mf\u00f6rt med yrkesfisket &#8211; l\u00e4r d\u00e4rf\u00f6r &hellip; <a href=\"https:\/\/folin.nu\/blog\/2010\/05\/12\/forbjuden-fisk-enligt-eus-fiskerad\/\" class=\"more-link\">Forts\u00e4tt l\u00e4sa <span class=\"screen-reader-text\">F\u00f6rbjuden fisk, enligt EU:s fisker\u00e5d<\/span> <span class=\"meta-nav\">&rarr;<\/span><\/a><\/p>\n","protected":false},"author":1,"featured_media":0,"comment_status":"open","ping_status":"open","sticky":false,"template":"","format":"standard","meta":{"footnotes":""},"categories":[26,2,18],"tags":[],"class_list":["post-903","post","type-post","status-publish","format-standard","hentry","category-miljo","category-politik","category-utrikes"],"_links":{"self":[{"href":"https:\/\/folin.nu\/blog\/wp-json\/wp\/v2\/posts\/903","targetHints":{"allow":["GET"]}}],"collection":[{"href":"https:\/\/folin.nu\/blog\/wp-json\/wp\/v2\/posts"}],"about":[{"href":"https:\/\/folin.nu\/blog\/wp-json\/wp\/v2\/types\/post"}],"author":[{"embeddable":true,"href":"https:\/\/folin.nu\/blog\/wp-json\/wp\/v2\/users\/1"}],"replies":[{"embeddable":true,"href":"https:\/\/folin.nu\/blog\/wp-json\/wp\/v2\/comments?post=903"}],"version-history":[{"count":1,"href":"https:\/\/folin.nu\/blog\/wp-json\/wp\/v2\/posts\/903\/revisions"}],"predecessor-version":[{"id":904,"href":"https:\/\/folin.nu\/blog\/wp-json\/wp\/v2\/posts\/903\/revisions\/904"}],"wp:attachment":[{"href":"https:\/\/folin.nu\/blog\/wp-json\/wp\/v2\/media?parent=903"}],"wp:term":[{"taxonomy":"category","embeddable":true,"href":"https:\/\/folin.nu\/blog\/wp-json\/wp\/v2\/categories?post=903"},{"taxonomy":"post_tag","embeddable":true,"href":"https:\/\/folin.nu\/blog\/wp-json\/wp\/v2\/tags?post=903"}],"curies":[{"name":"wp","href":"https:\/\/api.w.org\/{rel}","templated":true}]}}