{"id":905,"date":"2010-05-13T13:06:16","date_gmt":"2010-05-13T11:06:16","guid":{"rendered":"https:\/\/folin.nu\/blog\/?p=905"},"modified":"2010-05-13T13:06:16","modified_gmt":"2010-05-13T11:06:16","slug":"trogt-fack-begransar-ungdomar","status":"publish","type":"post","link":"https:\/\/folin.nu\/blog\/2010\/05\/13\/trogt-fack-begransar-ungdomar\/","title":{"rendered":"Tr\u00f6gt fack begr\u00e4nsar ungdomar"},"content":{"rendered":"<p>I <a href=\"http:\/\/kvp.expressen.se\/ledare\/1.1986461\/johan-folin-trogt-fack-begransar-ungdomar\">dagens Kv\u00e4llsposten<\/a> skriver jag om otidsenliga fackf\u00f6rbund och Centerpartiets kampanj f\u00f6r ungt f\u00f6retagande.<\/p>\n<blockquote><p>I samh\u00e4llskunskapen l\u00e4ser eleverna om fackf\u00f6reningsr\u00f6relsen och hur kollektivavtalen ing\u00e5s, men hur det g\u00e5r till att starta och driva f\u00f6retag l\u00e4rs inte ut.<br \/>\nFackf\u00f6reningsr\u00f6relsen har \u00e4nnu inte anpassat sig efter de f\u00f6r\u00e4ndringar som skett p\u00e5 arbetsmarknaden sedan muren f\u00f6ll.<\/p><\/blockquote>\n<p>L\u00e4s \u00e4ven andra bloggares \u00e5sikter om <a href=\"http:\/\/bloggar.se\/om\/annie+johansson\" rel=\"tag\">annie johansson<\/a>, <a href=\"http:\/\/bloggar.se\/om\/centerpartiet\" rel=\"tag\">centerpartiet<\/a>, <a href=\"http:\/\/bloggar.se\/om\/fackf%F6reningsr%F6relsen\" rel=\"tag\">fackf\u00f6reningsr\u00f6relsen<\/a>, <a href=\"http:\/\/bloggar.se\/om\/gr%F6na+lund\" rel=\"tag\">gr\u00f6na lund<\/a>, <a href=\"http:\/\/bloggar.se\/om\/strejk\" rel=\"tag\">strejk<\/a>, <a href=\"http:\/\/bloggar.se\/om\/f%F6retagande\" rel=\"tag\">f\u00f6retagande<\/a><\/p>\n","protected":false},"excerpt":{"rendered":"<p>I dagens Kv\u00e4llsposten skriver jag om otidsenliga fackf\u00f6rbund och Centerpartiets kampanj f\u00f6r ungt f\u00f6retagande. I samh\u00e4llskunskapen l\u00e4ser eleverna om fackf\u00f6reningsr\u00f6relsen och hur kollektivavtalen ing\u00e5s, men hur det g\u00e5r till att starta och driva f\u00f6retag l\u00e4rs inte ut. Fackf\u00f6reningsr\u00f6relsen har \u00e4nnu inte anpassat sig efter de f\u00f6r\u00e4ndringar som skett p\u00e5 arbetsmarknaden sedan muren f\u00f6ll. L\u00e4s \u00e4ven &hellip; <a href=\"https:\/\/folin.nu\/blog\/2010\/05\/13\/trogt-fack-begransar-ungdomar\/\" class=\"more-link\">Forts\u00e4tt l\u00e4sa <span class=\"screen-reader-text\">Tr\u00f6gt fack begr\u00e4nsar ungdomar<\/span> <span class=\"meta-nav\">&rarr;<\/span><\/a><\/p>\n","protected":false},"author":1,"featured_media":0,"comment_status":"open","ping_status":"open","sticky":false,"template":"","format":"standard","meta":{"footnotes":""},"categories":[17,2],"tags":[],"class_list":["post-905","post","type-post","status-publish","format-standard","hentry","category-inrikes","category-politik"],"_links":{"self":[{"href":"https:\/\/folin.nu\/blog\/wp-json\/wp\/v2\/posts\/905","targetHints":{"allow":["GET"]}}],"collection":[{"href":"https:\/\/folin.nu\/blog\/wp-json\/wp\/v2\/posts"}],"about":[{"href":"https:\/\/folin.nu\/blog\/wp-json\/wp\/v2\/types\/post"}],"author":[{"embeddable":true,"href":"https:\/\/folin.nu\/blog\/wp-json\/wp\/v2\/users\/1"}],"replies":[{"embeddable":true,"href":"https:\/\/folin.nu\/blog\/wp-json\/wp\/v2\/comments?post=905"}],"version-history":[{"count":1,"href":"https:\/\/folin.nu\/blog\/wp-json\/wp\/v2\/posts\/905\/revisions"}],"predecessor-version":[{"id":906,"href":"https:\/\/folin.nu\/blog\/wp-json\/wp\/v2\/posts\/905\/revisions\/906"}],"wp:attachment":[{"href":"https:\/\/folin.nu\/blog\/wp-json\/wp\/v2\/media?parent=905"}],"wp:term":[{"taxonomy":"category","embeddable":true,"href":"https:\/\/folin.nu\/blog\/wp-json\/wp\/v2\/categories?post=905"},{"taxonomy":"post_tag","embeddable":true,"href":"https:\/\/folin.nu\/blog\/wp-json\/wp\/v2\/tags?post=905"}],"curies":[{"name":"wp","href":"https:\/\/api.w.org\/{rel}","templated":true}]}}