{"id":996,"date":"2010-08-12T10:17:07","date_gmt":"2010-08-12T08:17:07","guid":{"rendered":"https:\/\/folin.nu\/blog\/?p=996"},"modified":"2010-08-12T11:21:09","modified_gmt":"2010-08-12T09:21:09","slug":"snart-ar-skattesystemet-helt-obegripligt","status":"publish","type":"post","link":"https:\/\/folin.nu\/blog\/2010\/08\/12\/snart-ar-skattesystemet-helt-obegripligt\/","title":{"rendered":"Snart \u00e4r skattesystemet helt obegripligt"},"content":{"rendered":"<p>I <a href=\"http:\/\/www.svd.se\/opinion\/ledarsidan\/snart-ar-skattesystemet-helt-obegripligt_5122699.svd\">dagens Svenska Dagbladet<\/a> ger jag ett par exempel p\u00e5 varf\u00f6r det \u00e4r dags att genomf\u00f6ra en ny skattereform.<\/p>\n<blockquote><p>Tidigare har reformer av skattesystemet gjorts ungef\u00e4r var tionde \u00e5r. Efter \u201d\u00e5rhundradets skattereform\u201d 1991 hade Sverige ett \u00f6versk\u00e5dligt och relativt enkelt skattesystem. Men efter n\u00e4stan tjugo \u00e5r av lappande, justeringar och inf\u00f6rande av jobbskatteavdrag har det g\u00e5tt s\u00e5 l\u00e5ngt att nationalekonomen Andreas Bergh k\u00e4nde sig tvungen att be anst\u00e4llda p\u00e5 finansdepartementet att f\u00f6rklara hur skattesystemet fungerar. N\u00e5got tillfredsst\u00e4llande svar fick han inte.<\/p><\/blockquote>\n<p>L\u00e4s \u00e4ven andra <a href=\"http:\/\/intressant.se\/intressant\">bloggar<\/a> om <a href=\"http:\/\/bloggar.se\/om\/skatter\" rel=\"tag\">skatter<\/a>, <a href=\"http:\/\/bloggar.se\/om\/skattereform\" rel=\"tag\">skattereform<\/a>, <a href=\"http:\/\/bloggar.se\/om\/nationalekonomi\" rel=\"tag\">nationalekonomi<\/a><\/p>\n","protected":false},"excerpt":{"rendered":"<p>I dagens Svenska Dagbladet ger jag ett par exempel p\u00e5 varf\u00f6r det \u00e4r dags att genomf\u00f6ra en ny skattereform. Tidigare har reformer av skattesystemet gjorts ungef\u00e4r var tionde \u00e5r. Efter \u201d\u00e5rhundradets skattereform\u201d 1991 hade Sverige ett \u00f6versk\u00e5dligt och relativt enkelt skattesystem. Men efter n\u00e4stan tjugo \u00e5r av lappande, justeringar och inf\u00f6rande av jobbskatteavdrag har det &hellip; <a href=\"https:\/\/folin.nu\/blog\/2010\/08\/12\/snart-ar-skattesystemet-helt-obegripligt\/\" class=\"more-link\">Forts\u00e4tt l\u00e4sa <span class=\"screen-reader-text\">Snart \u00e4r skattesystemet helt obegripligt<\/span> <span class=\"meta-nav\">&rarr;<\/span><\/a><\/p>\n","protected":false},"author":1,"featured_media":0,"comment_status":"open","ping_status":"open","sticky":false,"template":"","format":"standard","meta":{"footnotes":""},"categories":[16,17,2],"tags":[],"class_list":["post-996","post","type-post","status-publish","format-standard","hentry","category-ekonomi","category-inrikes","category-politik"],"_links":{"self":[{"href":"https:\/\/folin.nu\/blog\/wp-json\/wp\/v2\/posts\/996","targetHints":{"allow":["GET"]}}],"collection":[{"href":"https:\/\/folin.nu\/blog\/wp-json\/wp\/v2\/posts"}],"about":[{"href":"https:\/\/folin.nu\/blog\/wp-json\/wp\/v2\/types\/post"}],"author":[{"embeddable":true,"href":"https:\/\/folin.nu\/blog\/wp-json\/wp\/v2\/users\/1"}],"replies":[{"embeddable":true,"href":"https:\/\/folin.nu\/blog\/wp-json\/wp\/v2\/comments?post=996"}],"version-history":[{"count":3,"href":"https:\/\/folin.nu\/blog\/wp-json\/wp\/v2\/posts\/996\/revisions"}],"predecessor-version":[{"id":998,"href":"https:\/\/folin.nu\/blog\/wp-json\/wp\/v2\/posts\/996\/revisions\/998"}],"wp:attachment":[{"href":"https:\/\/folin.nu\/blog\/wp-json\/wp\/v2\/media?parent=996"}],"wp:term":[{"taxonomy":"category","embeddable":true,"href":"https:\/\/folin.nu\/blog\/wp-json\/wp\/v2\/categories?post=996"},{"taxonomy":"post_tag","embeddable":true,"href":"https:\/\/folin.nu\/blog\/wp-json\/wp\/v2\/tags?post=996"}],"curies":[{"name":"wp","href":"https:\/\/api.w.org\/{rel}","templated":true}]}}